{"id":45981,"date":"2025-05-07T23:49:08","date_gmt":"2025-05-07T23:49:08","guid":{"rendered":"http:\/\/vocesver.com\/noticias\/?p=45981"},"modified":"2025-05-08T00:37:46","modified_gmt":"2025-05-08T00:37:46","slug":"hay-armonia-en-el-gremio-magisterial-de-veracruz-pablo-garcia-martinez","status":"publish","type":"post","link":"http:\/\/vocesver.com\/noticias\/hay-armonia-en-el-gremio-magisterial-de-veracruz-pablo-garcia-martinez\/","title":{"rendered":"Hay armon\u00eda en el gremio magisterial de Veracruz :Pablo Garc\u00eda Mart\u00ednez"},"content":{"rendered":"\n<p><br><br>Veracruz, Ver.. A 7 de. Mayo 2025.. <br>Maestros compartieron el pan  y la  sal en ameno convivi\u00f3 .ahi,Pablo  Garcia Martinez,Supervisor Escolar en Veracruz dijo que hay armon\u00eda  en el gremio magisterial<br> y un gran compromiso con la  sociedad.<br><br><br><br><\/p>\n","protected":false},"excerpt":{"rendered":"<p>Veracruz, Ver.. A 7 de. Mayo 2025.. Maestros compartieron el pan y la sal en ameno convivi\u00f3 .ahi,Pablo Garcia Martinez,Supervisor<\/p>\n","protected":false},"author":2,"featured_media":45992,"comment_status":"open","ping_status":"open","sticky":false,"template":"","format":"standard","meta":{"colormag_page_container_layout":"default_layout","colormag_page_sidebar_layout":"default_layout","footnotes":""},"categories":[2],"tags":[],"class_list":["post-45981","post","type-post","status-publish","format-standard","has-post-thumbnail","hentry","category-infogral"],"_links":{"self":[{"href":"http:\/\/vocesver.com\/noticias\/wp-json\/wp\/v2\/posts\/45981","targetHints":{"allow":["GET"]}}],"collection":[{"href":"http:\/\/vocesver.com\/noticias\/wp-json\/wp\/v2\/posts"}],"about":[{"href":"http:\/\/vocesver.com\/noticias\/wp-json\/wp\/v2\/types\/post"}],"author":[{"embeddable":true,"href":"http:\/\/vocesver.com\/noticias\/wp-json\/wp\/v2\/users\/2"}],"replies":[{"embeddable":true,"href":"http:\/\/vocesver.com\/noticias\/wp-json\/wp\/v2\/comments?post=45981"}],"version-history":[{"count":2,"href":"http:\/\/vocesver.com\/noticias\/wp-json\/wp\/v2\/posts\/45981\/revisions"}],"predecessor-version":[{"id":45987,"href":"http:\/\/vocesver.com\/noticias\/wp-json\/wp\/v2\/posts\/45981\/revisions\/45987"}],"wp:featuredmedia":[{"embeddable":true,"href":"http:\/\/vocesver.com\/noticias\/wp-json\/wp\/v2\/media\/45992"}],"wp:attachment":[{"href":"http:\/\/vocesver.com\/noticias\/wp-json\/wp\/v2\/media?parent=45981"}],"wp:term":[{"taxonomy":"category","embeddable":true,"href":"http:\/\/vocesver.com\/noticias\/wp-json\/wp\/v2\/categories?post=45981"},{"taxonomy":"post_tag","embeddable":true,"href":"http:\/\/vocesver.com\/noticias\/wp-json\/wp\/v2\/tags?post=45981"}],"curies":[{"name":"wp","href":"https:\/\/api.w.org\/{rel}","templated":true}]}}