{"id":45978,"date":"2025-05-07T23:42:21","date_gmt":"2025-05-07T23:42:21","guid":{"rendered":"http:\/\/vocesver.com\/noticias\/?p=45978"},"modified":"2025-05-07T23:42:32","modified_gmt":"2025-05-07T23:42:32","slug":"evaluan-avances-educativos-gobierno-de-veracruz-y-comunidad-escolar-en-las-aulas-la-autoridad-son-las-maestras-y-maestros","status":"publish","type":"post","link":"http:\/\/vocesver.com\/noticias\/evaluan-avances-educativos-gobierno-de-veracruz-y-comunidad-escolar-en-las-aulas-la-autoridad-son-las-maestras-y-maestros\/","title":{"rendered":"Eval\u00faan avances educativos, Gobierno de Veracruz y comunidad escolar  >En las aulas, la autoridad son las maestras y maestros."},"content":{"rendered":"<br \/><br \/>Ausencio Rivera\/Vocesver. com\/noticias <br \/>Tlaltetela, Ver., mi\u00e9rcoles 07 de mayo de 2025.- El Gobierno del Estado, a cargo de la <br \/>gobernadora Roc\u00edo Nahle Garc\u00eda encabez\u00f3 la asamblea de trabajo con m\u00e1s de mil <br \/>directores de planteles estatales y federales para fortalecer la educaci\u00f3n p\u00fablica en <br \/>Veracruz a partir de los principios de la Nueva Escuela Mexicana.<br \/>Reconoci\u00f3 los desaf\u00edos como la falta de docentes en aulas, sobrecarga administrativa y <br \/>p\u00e9rdida de la l\u00ednea de autoridad escolar, \u00abse rompi\u00f3 el equilibrio y tenemos que reordenar <br \/>el sistema; despu\u00e9s de la pandemia el reto es mayor, pero nos toca adaptarnos y <br \/>reestructurar\u201d.<br \/>\u00abPara m\u00ed, no hay distinci\u00f3n entre federales o estatales, entre un sindicato y otro: todos los <br \/>maestros son iguales y merecen respeto y condiciones dignas para trabajar, adem\u00e1s de la <br \/>reincorporaci\u00f3n de la Escuela para Padres, e involucrarlos en la formaci\u00f3n de sus hijas e <br \/>hijos\u201d, expres\u00f3.<br \/>El encuentro forma parte de los planes Nacional de Desarrollo 2025\u20132030 y Veracruzano <br \/>de Desarrollo 2025\u20132030, orientados a una educaci\u00f3n con enfoque humanista, inclusiva <br \/>y vinculada directamente con la sociedad.<br \/>Durante la reuni\u00f3n, realizada en la escuela primaria estatal La Corregidora, con 60 a\u00f1os <br \/>de antig\u00fcedad, se abordaron temas como estilos de vida saludable, prevenci\u00f3n de <br \/>adicciones en ni\u00f1as, ni\u00f1os y adolescentes, infraestructura escolar, capacitaci\u00f3n continua <br \/>del personal docente, inclusi\u00f3n educativa, atenci\u00f3n a la violencia familiar y de g\u00e9nero, y <br \/>fortalecimiento del capital humano.<br \/>Participaron directoras y directores de los municipios de Acultzingo, Amatl\u00e1n de los <br \/>Reyes, Atzacan, Atoyac, Calcahualco, Camerino Z. Mendoza, Ciudad Mendoza, <br \/>C\u00f3rdoba, Coscomatepec, Cuitl\u00e1huac, Fort\u00edn, Huatusco, Ixhuatl\u00e1n del Caf\u00e9, <br \/>Ixtaczoquitl\u00e1n, La Perla, Maltrata, Nogales, Omealca, Paso del Macho, Rafael Delgado, <br \/>R\u00edo Blanco, Tequila, Tezonapa, Texhuac\u00e1n, Tierra Blanca, Totutla, Yanga y Zongolica.<br \/><br \/><br \/><br \/><br \/><br \/>","protected":false},"excerpt":{"rendered":"<p>Ausencio Rivera\/Vocesver. com\/noticias Tlaltetela, Ver., mi\u00e9rcoles 07 de mayo de 2025.- El Gobierno del Estado, a cargo de la gobernadora<\/p>\n","protected":false},"author":2,"featured_media":45982,"comment_status":"open","ping_status":"open","sticky":false,"template":"","format":"standard","meta":{"colormag_page_container_layout":"default_layout","colormag_page_sidebar_layout":"default_layout","footnotes":""},"categories":[2],"tags":[],"class_list":["post-45978","post","type-post","status-publish","format-standard","has-post-thumbnail","hentry","category-infogral"],"_links":{"self":[{"href":"http:\/\/vocesver.com\/noticias\/wp-json\/wp\/v2\/posts\/45978","targetHints":{"allow":["GET"]}}],"collection":[{"href":"http:\/\/vocesver.com\/noticias\/wp-json\/wp\/v2\/posts"}],"about":[{"href":"http:\/\/vocesver.com\/noticias\/wp-json\/wp\/v2\/types\/post"}],"author":[{"embeddable":true,"href":"http:\/\/vocesver.com\/noticias\/wp-json\/wp\/v2\/users\/2"}],"replies":[{"embeddable":true,"href":"http:\/\/vocesver.com\/noticias\/wp-json\/wp\/v2\/comments?post=45978"}],"version-history":[{"count":1,"href":"http:\/\/vocesver.com\/noticias\/wp-json\/wp\/v2\/posts\/45978\/revisions"}],"predecessor-version":[{"id":45980,"href":"http:\/\/vocesver.com\/noticias\/wp-json\/wp\/v2\/posts\/45978\/revisions\/45980"}],"wp:featuredmedia":[{"embeddable":true,"href":"http:\/\/vocesver.com\/noticias\/wp-json\/wp\/v2\/media\/45982"}],"wp:attachment":[{"href":"http:\/\/vocesver.com\/noticias\/wp-json\/wp\/v2\/media?parent=45978"}],"wp:term":[{"taxonomy":"category","embeddable":true,"href":"http:\/\/vocesver.com\/noticias\/wp-json\/wp\/v2\/categories?post=45978"},{"taxonomy":"post_tag","embeddable":true,"href":"http:\/\/vocesver.com\/noticias\/wp-json\/wp\/v2\/tags?post=45978"}],"curies":[{"name":"wp","href":"https:\/\/api.w.org\/{rel}","templated":true}]}}