{"id":45975,"date":"2025-05-07T23:36:43","date_gmt":"2025-05-07T23:36:43","guid":{"rendered":"http:\/\/vocesver.com\/noticias\/?p=45975"},"modified":"2025-05-07T23:36:52","modified_gmt":"2025-05-07T23:36:52","slug":"mayores-inversiones-y-mas-oportunidades-laborales-de-la-mano-con-el-sector-empresarial-local-bertha-ahued-malpica","status":"publish","type":"post","link":"http:\/\/vocesver.com\/noticias\/mayores-inversiones-y-mas-oportunidades-laborales-de-la-mano-con-el-sector-empresarial-local-bertha-ahued-malpica\/","title":{"rendered":"*Mayores inversiones y m\u00e1s oportunidades laborales de la mano con el sector empresarial local: Bertha Ahued Malpica*"},"content":{"rendered":"<br \/><br \/>> Se re\u00fane la candidata a la alcald\u00eda de Boca del R\u00edo por la alianza Morena-PVEM con empresarios y empresarias para sumar ideas al proyecto de la Transformaci\u00f3n <br \/><br \/>Ausencio Rivera\/Vocesver. com\/noticias <br \/>Boca del R\u00edo, Ver. 7 de mayo de 2025.-<br \/>Como parte de sus actividades de campa\u00f1a, Bertha Ahued Malpica, candidata a la Presidencia Municipal de Boca del R\u00edo por la alianza Morena-PVEM, sostuvo una reuni\u00f3n con algunos empresarios y empresarias de dicho municipio con los que, adem\u00e1s de compartir sus propuestas para la Transformaci\u00f3n de Boca del R\u00edo, escuch\u00f3 sus aportaciones.<br \/><br \/>\u00abPara m\u00ed es muy importante escuchar sus sugerencias y sus proyectos, porque hay  mucho por hacer en  beneficio de los dem\u00e1s\u00bb, se\u00f1al\u00f3 la candidata a la alcald\u00eda boque\u00f1a por la coalici\u00f3n Morena-PVEM.<br \/><br \/>Como empresaria, Bertha Ahued Malpica, recalc\u00f3 la importancia de crear sinergia con el sector empresarial local para atraer a Boca del R\u00edo mayores inversiones y brindar m\u00e1s oportunidades laborales a los j\u00f3venes, hombres y mujeres boque\u00f1os.<br \/><br \/>\u00abSoy empresaria. Lo que necesitamos los empresarios es que haya crecimiento econ\u00f3mico y que le vaya bien tambi\u00e9n a nuestros empleados, porque queremos que  vivan con dignidad. Entonces es todo un engranaje. Lo importante es trabajar juntos, trabajar unidos\u00bb,  insisti\u00f3 la aspirante alcaldesa de Boca del R\u00edo.<br \/><br \/>Bertha Ahued Malpica se\u00f1al\u00f3 que dentro de su plan de trabajo tambi\u00e9n contempla acciones para detonar la actividad tur\u00edstica de Boca del R\u00edo y se convierta en un referente en esta materia.<br \/><br \/>\u00abQuiero enfocarme mucho en esos temas. Miren, hay 8 mil 744 unidades econ\u00f3micas en Boca del R\u00edo,  Boca del R\u00edo cuenta con mil 641 establecimientos que brindan servicios de alojamiento temporal, reparaci\u00f3n de alimentos y bebidas. Entonces tenemos que hacer tambi\u00e9n que esta zona, que es tur\u00edstica, tenemos que hacerla m\u00e1s atractiva, que nuestras playas est\u00e9n limpias, que nuestros palaperos brinden servicios de excelencia, capacitarlos para eso\u00bb, indic\u00f3 Bertha Ahued Malpica.<br \/><br \/>La abanderada de Morena-PVEM reiter\u00f3 ante los y las empresarias su compromiso de trabajar juntos para que la Transformaci\u00f3n de Boca del R\u00edo sea una realidad.<br \/><br \/>\u00abQuiero ser alcaldesa y estoy muy comprometida con todas y con todos, pero sola, una persona sola no puede, ni aunque tenga un muy buen equipo, tienes que hacerlo cercano, a fuerza tiene que ser cercano con la ciudadan\u00eda, la gente, los empresarios, con todos los sectores. Tenemos que estar as\u00ed unidos, por que hay mucho qu\u00e9 hacer\u00bb, finaliz\u00f3 la candidata.<br \/><br \/><br \/><br \/>","protected":false},"excerpt":{"rendered":"<p>> Se re\u00fane la candidata a la alcald\u00eda de Boca del R\u00edo por la alianza Morena-PVEM con empresarios y empresarias<\/p>\n","protected":false},"author":2,"featured_media":45979,"comment_status":"open","ping_status":"open","sticky":false,"template":"","format":"standard","meta":{"colormag_page_container_layout":"default_layout","colormag_page_sidebar_layout":"default_layout","footnotes":""},"categories":[2],"tags":[],"class_list":["post-45975","post","type-post","status-publish","format-standard","has-post-thumbnail","hentry","category-infogral"],"_links":{"self":[{"href":"http:\/\/vocesver.com\/noticias\/wp-json\/wp\/v2\/posts\/45975","targetHints":{"allow":["GET"]}}],"collection":[{"href":"http:\/\/vocesver.com\/noticias\/wp-json\/wp\/v2\/posts"}],"about":[{"href":"http:\/\/vocesver.com\/noticias\/wp-json\/wp\/v2\/types\/post"}],"author":[{"embeddable":true,"href":"http:\/\/vocesver.com\/noticias\/wp-json\/wp\/v2\/users\/2"}],"replies":[{"embeddable":true,"href":"http:\/\/vocesver.com\/noticias\/wp-json\/wp\/v2\/comments?post=45975"}],"version-history":[{"count":1,"href":"http:\/\/vocesver.com\/noticias\/wp-json\/wp\/v2\/posts\/45975\/revisions"}],"predecessor-version":[{"id":45977,"href":"http:\/\/vocesver.com\/noticias\/wp-json\/wp\/v2\/posts\/45975\/revisions\/45977"}],"wp:featuredmedia":[{"embeddable":true,"href":"http:\/\/vocesver.com\/noticias\/wp-json\/wp\/v2\/media\/45979"}],"wp:attachment":[{"href":"http:\/\/vocesver.com\/noticias\/wp-json\/wp\/v2\/media?parent=45975"}],"wp:term":[{"taxonomy":"category","embeddable":true,"href":"http:\/\/vocesver.com\/noticias\/wp-json\/wp\/v2\/categories?post=45975"},{"taxonomy":"post_tag","embeddable":true,"href":"http:\/\/vocesver.com\/noticias\/wp-json\/wp\/v2\/tags?post=45975"}],"curies":[{"name":"wp","href":"https:\/\/api.w.org\/{rel}","templated":true}]}}