{"id":45969,"date":"2025-05-07T14:55:31","date_gmt":"2025-05-07T14:55:31","guid":{"rendered":"http:\/\/vocesver.com\/noticias\/?p=45969"},"modified":"2025-05-07T14:55:44","modified_gmt":"2025-05-07T14:55:44","slug":"no-hay-futuro-sin-ninos-jovenes-ni-medio-ambiente-bertha-ahued-malpica","status":"publish","type":"post","link":"http:\/\/vocesver.com\/noticias\/no-hay-futuro-sin-ninos-jovenes-ni-medio-ambiente-bertha-ahued-malpica\/","title":{"rendered":"No hay futuro sin ni\u00f1os, j\u00f3venes, ni medio ambiente: Bertha Ahued Malpica*"},"content":{"rendered":"<br \/><br \/>> Propone la candidata a la alcald\u00eda de Boca del R\u00edo acciones de cuidado y prevenci\u00f3n a la salud mental de las infancias <br \/><br \/>> Jornadas de reforestaci\u00f3n, rescate de parques y obras para rehabilitar el servicio del drenaje para las colonias<br \/><br \/>Ausencio Rivera \/Vocesver\/noticias<br \/><br \/>Boca del R\u00edo, Ver. 6 de mayo de 2025.- \u00abNo hay futuro sin ni\u00f1os, sin j\u00f3venes ni sin medio ambiente\u00bb, asegur\u00f3 Bertha Ahued Malpica, candidata a la Presidencia Municipal de Boca del R\u00edo por la coalici\u00f3n Morena-PVEM, al reunirse con un grupo de mujeres boque\u00f1as con las que estrech\u00f3 lazos de apoyo para lograr la Transformaci\u00f3n del municipio.<br \/><br \/>En este sentido se\u00f1al\u00f3 que como uno de sus temas prioritarios est\u00e1 el cuidado de la salud mental y emocional de los infantes, por ellos en su programa de gobierno contempla brindar acciones de prevenci\u00f3n en las escuelas, propuesta que realiz\u00f3 como diputada en el Congreso del Estado de Veracruz y que ve viable aplicar a nivel municipal.<br \/><br \/>\u00abUna de mis propuestas al entrar a la Diputaci\u00f3n fue la salud mental para ni\u00f1os y j\u00f3venes, la prevenci\u00f3n de la salud mental. Yo he visto que abundan ahora muchos ni\u00f1os con ansiedad, con depresiones, con espectro autista, entonces necesitamos llegar a escuelas, ya existen los famosos CAM, Centros de Atenci\u00f3n M\u00faltiple y voy a hacer, a ver qu\u00e9 alianza, para que los estudiantes de las universidades de psicolog\u00eda y de psiquiatr\u00eda vayan a hacer su servicio social a estos lugares, puede ser en colonias,  todav\u00eda me falta afinar con los equipos que son especialistas en eso, pero esa es una de mis iniciativas m\u00e1s importantes\u00bb, indic\u00f3 la candidata a la alcald\u00eda de Boca del R\u00edo.<br \/><br \/>La abanderada de la alianza Morena-PT-PVEM en busca de la alcald\u00eda boque\u00f1a, enfatiz\u00f3 que otro de sus proyectos va ligado al medio ambiente <br \/><br \/>\u00abQuiero hacer una fuerza muy grande tambi\u00e9n en medio ambiente, contar con un equipo que se dedique a toda la parte de medio ambiente y al cuidado animal, lo que es reforestaci\u00f3n y rescate de parques, jardines, recolecci\u00f3n de basura, descacharizaci\u00f3n todo lo que tiene que ver con medio ambiente, para que las infancias se desarrollen en un entorno sano\u00bb, destac\u00f3.<br \/><br \/>Para afianzar su plan de trabajo, Bertha Ahued Malpica, comparti\u00f3 que uno de sus proyectos es la instalaci\u00f3n de un Consejo Ciudadano que observe las acciones que se realizan y as\u00ed facilitar el seguimiento del desarrollo urbano.<br \/><br \/>\u00abRequerimos de los cuidadanos para que se le d\u00e9 seguimiento (a las obras), o sea, es una belleza Boca del R\u00edo como para dejarlo al ah\u00ed se va; \u00bfSe va a hacer una obra? poner gente de all\u00ed, de las mismas colonias, dando seguimiento&#8217;, indic\u00f3 Bertha Ahued Malpica, quien recibi\u00f3 el respaldo de la asistentes al evento.<br \/><br \/>*Llegar\u00e1 la Transformaci\u00f3n*<br \/>Posteriormente, en la tercera secci\u00f3n de la colonia Venustiano Carranza, la aspirante a ser la primera alcaldesa de Boca del R\u00edo Bertha Ahued Malpica visit\u00f3 casa por casa a las familias boque\u00f1as que la recibieron con entusiasmo al escuchar sus propuestas de gobierno.<br \/><br \/>La morenista les reiter\u00f3 a los colonos que trabajar\u00e1 principalmente en tres proyectos que har\u00e1n una verdadera Transformaci\u00f3n en Boca del R\u00edo, el primero la rehabilitaci\u00f3n integral del Canal de la Zamorana, el segundo la conclusi\u00f3n de la L en el Dren B y por \u00faltimo un planta de tratamiento de aguas residuales en la parte trasera de La Boticaria, todo ello sin descuidar las acciones de limpieza y desazolve que requieren las colonias y fraccionamientos del municipio.<br \/><br \/>Al finalizar su recorrido por las calles de la colonia Carranza, Bertha Ahued Malpica exhort\u00f3 a los y las boque\u00f1as a unirse al proyecto de Transformaci\u00f3n por Amor a Boca del R\u00edo saliendo a votar el pr\u00f3ximo 1 de junio.<br \/><br \/><br \/><br \/><br \/><br \/>","protected":false},"excerpt":{"rendered":"<p>> Propone la candidata a la alcald\u00eda de Boca del R\u00edo acciones de cuidado y prevenci\u00f3n a la salud mental<\/p>\n","protected":false},"author":2,"featured_media":45973,"comment_status":"open","ping_status":"open","sticky":false,"template":"","format":"standard","meta":{"colormag_page_container_layout":"default_layout","colormag_page_sidebar_layout":"default_layout","footnotes":""},"categories":[2],"tags":[],"class_list":["post-45969","post","type-post","status-publish","format-standard","has-post-thumbnail","hentry","category-infogral"],"_links":{"self":[{"href":"http:\/\/vocesver.com\/noticias\/wp-json\/wp\/v2\/posts\/45969","targetHints":{"allow":["GET"]}}],"collection":[{"href":"http:\/\/vocesver.com\/noticias\/wp-json\/wp\/v2\/posts"}],"about":[{"href":"http:\/\/vocesver.com\/noticias\/wp-json\/wp\/v2\/types\/post"}],"author":[{"embeddable":true,"href":"http:\/\/vocesver.com\/noticias\/wp-json\/wp\/v2\/users\/2"}],"replies":[{"embeddable":true,"href":"http:\/\/vocesver.com\/noticias\/wp-json\/wp\/v2\/comments?post=45969"}],"version-history":[{"count":1,"href":"http:\/\/vocesver.com\/noticias\/wp-json\/wp\/v2\/posts\/45969\/revisions"}],"predecessor-version":[{"id":45971,"href":"http:\/\/vocesver.com\/noticias\/wp-json\/wp\/v2\/posts\/45969\/revisions\/45971"}],"wp:featuredmedia":[{"embeddable":true,"href":"http:\/\/vocesver.com\/noticias\/wp-json\/wp\/v2\/media\/45973"}],"wp:attachment":[{"href":"http:\/\/vocesver.com\/noticias\/wp-json\/wp\/v2\/media?parent=45969"}],"wp:term":[{"taxonomy":"category","embeddable":true,"href":"http:\/\/vocesver.com\/noticias\/wp-json\/wp\/v2\/categories?post=45969"},{"taxonomy":"post_tag","embeddable":true,"href":"http:\/\/vocesver.com\/noticias\/wp-json\/wp\/v2\/tags?post=45969"}],"curies":[{"name":"wp","href":"https:\/\/api.w.org\/{rel}","templated":true}]}}