{"id":45953,"date":"2025-05-06T15:04:52","date_gmt":"2025-05-06T15:04:52","guid":{"rendered":"http:\/\/vocesver.com\/noticias\/?p=45953"},"modified":"2025-05-06T15:09:06","modified_gmt":"2025-05-06T15:09:06","slug":"respalda-el-sntsa-a-aristides-guerrero-para-ser-magistrado-de-la-scjn","status":"publish","type":"post","link":"http:\/\/vocesver.com\/noticias\/respalda-el-sntsa-a-aristides-guerrero-para-ser-magistrado-de-la-scjn\/","title":{"rendered":"Respalda el SNTSA a Aristides Guerrero para ser Magistrado de la SCJN"},"content":{"rendered":"<br \/><br \/>Por :Mat\u00edas Melchor \/Ausencio RiveraVocesver. com\/noticias <br \/><br \/>Veracruz,  Ver., 05 de Mayo de 2025.-  El Candidato a Magistrado de la Suprema Corte de Justicia de la Naci\u00f3n, Aristides Rodrigo Guerrero estuvo de visita este lunes en Veracruz para reunirse con agremiados  de las Secciones 26 y 40 del Sindicato Nacional de Trabajadores de la Salud (SNTSA) y la Secretaria general Estatal de la FSTSE. <br \/>En el encuentro sostenido en sal\u00f3n social de esta ciudad, el aspirante a Magistrado ofreci\u00f3 respaldar conforme a derecho el proceso de transici\u00f3n que se viene desarrollando en el sector Salud.<br \/>Ante la secretar\u00edas generales de las Secciones 26 y 40 del SNTSA en la zona Sur de la entidad, Mar\u00eda del Carmen Colonna  y Elizabeth Melquiades, respectivamente y la Secretaria Estatal de la FSTSE  Lic . Luisa \u00c1ngela Soto Maldonado, dijo que estar\u00e1 vigilante de que los derechos laborales de los trabajadores de la Secretar\u00eda de Salud sean respetados.<br \/> Aristides Guerrero dijo que de resultar electo Magistrado ser\u00e1 un representante de la SCJN de territorio y no de escritorio, acercando la justicia a los que menos tienen y a los que m\u00e1s la necesitan,  instaurando el programa Sembrando Justicia.<br \/>Asimismo se pronunci\u00f3 por impulsar la modernizaci\u00f3n de la corte a trav\u00e9s de un sistema digital donde la poblaci\u00f3n tenga acceso a la informaci\u00f3n de sus expedientes judiciales.<br \/>Aristides Rodrigo Guerrero es maestro de la UNAM y cuenta con Doctorado y Maestr\u00eda en Derecho y participa en la contienda con el No 48 en la boleta morada.<br \/>Los trabajadores del SNTSA ofrecieron respaldar su candidatura al reconocer el Impulso qu\u00e9 le dar\u00e1 a la impartici\u00f3n de justicia.<br \/><br \/><br \/><br \/><br \/>","protected":false},"excerpt":{"rendered":"<p>Por :Mat\u00edas Melchor \/Ausencio RiveraVocesver. com\/noticias Veracruz, Ver., 05 de Mayo de 2025.- El Candidato a Magistrado de la Suprema<\/p>\n","protected":false},"author":2,"featured_media":45957,"comment_status":"open","ping_status":"open","sticky":false,"template":"","format":"standard","meta":{"colormag_page_container_layout":"default_layout","colormag_page_sidebar_layout":"default_layout","footnotes":""},"categories":[2],"tags":[],"class_list":["post-45953","post","type-post","status-publish","format-standard","has-post-thumbnail","hentry","category-infogral"],"_links":{"self":[{"href":"http:\/\/vocesver.com\/noticias\/wp-json\/wp\/v2\/posts\/45953","targetHints":{"allow":["GET"]}}],"collection":[{"href":"http:\/\/vocesver.com\/noticias\/wp-json\/wp\/v2\/posts"}],"about":[{"href":"http:\/\/vocesver.com\/noticias\/wp-json\/wp\/v2\/types\/post"}],"author":[{"embeddable":true,"href":"http:\/\/vocesver.com\/noticias\/wp-json\/wp\/v2\/users\/2"}],"replies":[{"embeddable":true,"href":"http:\/\/vocesver.com\/noticias\/wp-json\/wp\/v2\/comments?post=45953"}],"version-history":[{"count":1,"href":"http:\/\/vocesver.com\/noticias\/wp-json\/wp\/v2\/posts\/45953\/revisions"}],"predecessor-version":[{"id":45955,"href":"http:\/\/vocesver.com\/noticias\/wp-json\/wp\/v2\/posts\/45953\/revisions\/45955"}],"wp:featuredmedia":[{"embeddable":true,"href":"http:\/\/vocesver.com\/noticias\/wp-json\/wp\/v2\/media\/45957"}],"wp:attachment":[{"href":"http:\/\/vocesver.com\/noticias\/wp-json\/wp\/v2\/media?parent=45953"}],"wp:term":[{"taxonomy":"category","embeddable":true,"href":"http:\/\/vocesver.com\/noticias\/wp-json\/wp\/v2\/categories?post=45953"},{"taxonomy":"post_tag","embeddable":true,"href":"http:\/\/vocesver.com\/noticias\/wp-json\/wp\/v2\/tags?post=45953"}],"curies":[{"name":"wp","href":"https:\/\/api.w.org\/{rel}","templated":true}]}}