{"id":45945,"date":"2025-05-06T14:55:18","date_gmt":"2025-05-06T14:55:18","guid":{"rendered":"http:\/\/vocesver.com\/noticias\/?p=45945"},"modified":"2025-05-06T14:56:47","modified_gmt":"2025-05-06T14:56:47","slug":"bertha-ahued-propone-un-plan-de-desarrollo-urbano-integral","status":"publish","type":"post","link":"http:\/\/vocesver.com\/noticias\/bertha-ahued-propone-un-plan-de-desarrollo-urbano-integral\/","title":{"rendered":"Bertha Ahued propone un plan de desarrollo urbano integral"},"content":{"rendered":"<br \/><br \/>> La candidata a la Presidencia Municipal de Boca del R\u00edo por Morena-PVEM se reuni\u00f3 con taxistas para darles a conocer su plan de trabajo vinculado a la ciudadan\u00eda<br \/><br \/>> Salud mental y emocional van de la mano con el desarrollo econ\u00f3mico y las oportunidades laborales, destac\u00f3 la abanderada del partido guinda<br \/><br \/>Ausencio Rivera\/Vocesver.com\/noticias <br \/>Boca del R\u00edo, Ver. 5 de mayo de 2025.- Al reunirse con los trabajadores del volante de Boca del R\u00edo, en las instalaciones de la ganadera Ylang-Ylang, la candidata a la alcald\u00eda boque\u00f1a por la coalici\u00f3n Morena-PVEM, Bertha Ahued Malpica, escuch\u00f3 de viva voz las necesidades en torno al tema de vialidad.<br \/><br \/>Los taxistas expusieron a la candidata de Morena-PVEM, las m\u00faltiples problem\u00e1ticas que enfrentan en su labor diaria como los son las reparaciones de sus unidades cada vez que caen en baches, lo cual les causa gastos por varios miles de pesos, es por ello que Bertha Ahued Malpica, comparti\u00f3 con el gremio que ya trabaja en un plan de desarrollo urbano integral.<br \/><br \/>\u201cVamos a hacer un plan de desarrollo urbano, porque todos queremos que se nos compongan las calles en nuestras colonias, ustedes que saben perfectamente -porque andan todos los d\u00edas en la calle- que se friegan las llantas, se friega todo, caes en un bache y ya te cuesta. Entonces s\u00ed necesito estar de la mano de ustedes para que ustedes digan \u2018a ver aqu\u00ed hay un bache donde ya cayeron 20 personas, ya es un problema, pues hay que corregirlo\u2019&#8230; para eso va a ser ese plan para que comencemos, digo yo, de atr\u00e1s para adelante\u201d, explic\u00f3 Bertha Ahued Malpica.<br \/><br \/>En el tema de la seguridad, la aspirante a alcaldesa de Boca del R\u00edo, mencion\u00f3 que se llevar\u00e1 a cabo el fortalecimiento de la promoci\u00f3n de las aplicaciones digitales que actualmente implementa el Gobierno del Estado de Veracruz, como lo son la App de Alerta Ciudadana y Mujer Alerta Veracruz, con las cuales la ciudadan\u00eda puede emitir reportes y alertas en tiempo real al C4 para la canalizaci\u00f3n inmediata de las situaciones de riesgo con las corporaciones de apoyo.<br \/><br \/>Bertha Ahued Malpica, abanderada por Morena-PVEM a la alcald\u00eda boque\u00f1a, mencion\u00f3 que adem\u00e1s contempla apoyarse con el sector empresarial para crear bolsas de trabajo que beneficien a los varones de mediana edad que son proveedores de sus familias y as\u00ed tengan bienestar econ\u00f3mico y emocional.<br \/><br \/>\u00abHay hombres que d\u00eda con d\u00eda buscan \u00bfde d\u00f3nde saco dinero para hoy? y se encuentran con un amigo y le dice &#8216;oye mira aqu\u00ed necesitan un pintor o ven y dale por un d\u00eda en el taxi&#8217;, porque viven al d\u00eda, por eso tenemos que hacer que las empresas nos den bolsas de trabajo para todos los hombre de mediana edad que no tienen todav\u00eda pensi\u00f3n y que no los contratan en las empresas por la edad, tengan trabajo fijo, eso contribuye a la salud mental, ese estr\u00e9s por la econom\u00eda no puede ser, tenemos que hacer que haya familias felices y eso tiene que ver con el trabajo, con las oportunidades de desarrollo econ\u00f3mico al que me refiero\u00bb, sentenci\u00f3 Bertha Ahued Malpica.<br \/><br \/>Al concluir el di\u00e1logo con los trabajadores del gremio taxista de Boca del R\u00edo, Bertha Ahued Malpica, destac\u00f3 que quiere ser, junto al pueblo de Boca del R\u00edo, protagonista de un cambio verdadero, una transformaci\u00f3n, y por ello se requiere del compromiso de las y los boque\u00f1os de acudir el pr\u00f3ximo 1 de junio a las urnas y votar.<br \/><br \/><br \/><br \/><br \/><br \/><br \/><br \/>","protected":false},"excerpt":{"rendered":"<p>> La candidata a la Presidencia Municipal de Boca del R\u00edo por Morena-PVEM se reuni\u00f3 con taxistas para darles a<\/p>\n","protected":false},"author":2,"featured_media":45951,"comment_status":"open","ping_status":"open","sticky":false,"template":"","format":"standard","meta":{"colormag_page_container_layout":"default_layout","colormag_page_sidebar_layout":"default_layout","footnotes":""},"categories":[2],"tags":[],"class_list":["post-45945","post","type-post","status-publish","format-standard","has-post-thumbnail","hentry","category-infogral"],"_links":{"self":[{"href":"http:\/\/vocesver.com\/noticias\/wp-json\/wp\/v2\/posts\/45945","targetHints":{"allow":["GET"]}}],"collection":[{"href":"http:\/\/vocesver.com\/noticias\/wp-json\/wp\/v2\/posts"}],"about":[{"href":"http:\/\/vocesver.com\/noticias\/wp-json\/wp\/v2\/types\/post"}],"author":[{"embeddable":true,"href":"http:\/\/vocesver.com\/noticias\/wp-json\/wp\/v2\/users\/2"}],"replies":[{"embeddable":true,"href":"http:\/\/vocesver.com\/noticias\/wp-json\/wp\/v2\/comments?post=45945"}],"version-history":[{"count":1,"href":"http:\/\/vocesver.com\/noticias\/wp-json\/wp\/v2\/posts\/45945\/revisions"}],"predecessor-version":[{"id":45949,"href":"http:\/\/vocesver.com\/noticias\/wp-json\/wp\/v2\/posts\/45945\/revisions\/45949"}],"wp:featuredmedia":[{"embeddable":true,"href":"http:\/\/vocesver.com\/noticias\/wp-json\/wp\/v2\/media\/45951"}],"wp:attachment":[{"href":"http:\/\/vocesver.com\/noticias\/wp-json\/wp\/v2\/media?parent=45945"}],"wp:term":[{"taxonomy":"category","embeddable":true,"href":"http:\/\/vocesver.com\/noticias\/wp-json\/wp\/v2\/categories?post=45945"},{"taxonomy":"post_tag","embeddable":true,"href":"http:\/\/vocesver.com\/noticias\/wp-json\/wp\/v2\/tags?post=45945"}],"curies":[{"name":"wp","href":"https:\/\/api.w.org\/{rel}","templated":true}]}}