{"id":45941,"date":"2025-05-06T00:31:48","date_gmt":"2025-05-06T00:31:48","guid":{"rendered":"http:\/\/vocesver.com\/noticias\/?p=45941"},"modified":"2025-05-07T15:07:03","modified_gmt":"2025-05-07T15:07:03","slug":"el-impulso-al-sector-inmobiliario-y-la-certeza-juridica-en-boca-del-rio-otra-de-mis-prioridades-bertha-ahued-malpica","status":"publish","type":"post","link":"http:\/\/vocesver.com\/noticias\/el-impulso-al-sector-inmobiliario-y-la-certeza-juridica-en-boca-del-rio-otra-de-mis-prioridades-bertha-ahued-malpica\/","title":{"rendered":"* El impulso al sector inmobiliario y la certeza jur\u00eddica en Boca del R\u00edo otra de mis prioridades: Bertha Ahued Malpica*"},"content":{"rendered":"<br \/><br \/>> Plantea la candidata de Morena-PVEM a la alcald\u00eda boque\u00f1a implementar estrategias que agilicen tr\u00e1mites inmobiliarios, garanticen la certeza jur\u00eddica y la prevenci\u00f3n de fraudes en operaciones de compra-venta<br \/><br \/>Ausencio Rivera \/Vocesver. com\/noticias <br \/><br \/>Boca del R\u00edo, Ver. 5 de mayo de 2025.-<br \/>Este lunes, la candidata a la Presidencia Municipal de Boca del R\u00edo por la coalici\u00f3n Morena-PVEM, Bertha Ahued Malpica, mantuvo una reuni\u00f3n con los integrantes de la Asociaci\u00f3n Mexicana de Profesionales Inmobiliarios (AMPI) Secci\u00f3n Veracruz-Boca del R\u00edo para estrechar lazos y proponer un trabajo conjunto para lograr el desarrollo econ\u00f3mico de Boca del R\u00edo.<br \/><br \/>Bertha Ahued Malpica, plante\u00f3 ante los profesionales inmobiliarios su proyecto de crear sinergia con el sector empresarial para generar empleos, capacitar a los trabajadores y darle prioridad a la mano de obra local, as\u00ed como llevar a cabo acciones que detonen a Boca del R\u00edo como referente tur\u00edstico del Estado.<br \/><br \/>En presencia de la presidenta de AMPI, la Lic. Blanca Ju\u00e1rez Inoroza, la candidata a ser la primera alcaldesa de Boca del R\u00edo, Bertha Ahued Malpica, invit\u00f3 al gremio inmobiliario a que, de ganar las siguientes elecciones, se sumen a su pr\u00f3ximo gobierno de Transformaci\u00f3n en Boca del R\u00edo.<br \/><br \/>\u00abUstedes conocen las problem\u00e1ticas de todas las zonas del municipio, y eso es importante porque entonces son como nuestros ojos, nuestros o\u00eddos, para reconocer los problemas a los cuales hay y darles soluci\u00f3n\u00bb, se\u00f1al\u00f3 Bertha Ahued Malpica.<br \/><br \/>Por su parte, los integrantes de la Asociaci\u00f3n Mexicana de Profesionales Inmobiliarios, externaron que un tema que les preocupa es el de la agilidad en los tr\u00e1mites inmobiliarios, explicaron que la tardanza el los mismos dificulta la realizaci\u00f3n de transacciones inmobiliarias, lo que impacta negativamente tanto a los profesionales del sector como a los clientes. <br \/><br \/>Ante ello, la candidata a la alcald\u00eda boque\u00f1a, se\u00f1al\u00f3 que buscar\u00e1 las estrategias id\u00f3neas para que los tr\u00e1mites gubernamentales que involucran la compra-venta de inmuebles se agilicen y as\u00ed brindar mayor certeza jur\u00eddica en el sector y prevenir fraudes en operaciones de compra-venta.<br \/><br \/>La abanderada por Morena-PVEM, comparti\u00f3 tambi\u00e9n su ideal de llevar a cabo un proyecto de rehabilitaci\u00f3n en el Canal de la Zamorana, concluir la \u00abL\u00bb del Dren B, el rescate de la planta de tratamiento de aguas residuales as\u00ed como instalar un consejo ciudadano para dar continuidad a los trabajos hasta concluirlos.<br \/><br \/>Al finalizar la reuni\u00f3n, la candidata y los integrantes de la AMPI Secci\u00f3n Veracruz-Boca del R\u00edo, reconoci\u00f3 que el gremio que representan es crucial para el crecimiento de la econom\u00eda, la movilidad y la sostenibilidad, por lo que reiter\u00f3 que es primordial trabajar juntos Por Amor a Boca del R\u00edo.<br \/><br \/><br \/><br \/><br \/><br \/><br \/><br \/>","protected":false},"excerpt":{"rendered":"<p>> Plantea la candidata de Morena-PVEM a la alcald\u00eda boque\u00f1a implementar estrategias que agilicen tr\u00e1mites inmobiliarios, garanticen la certeza jur\u00eddica<\/p>\n","protected":false},"author":2,"featured_media":45946,"comment_status":"open","ping_status":"open","sticky":false,"template":"","format":"standard","meta":{"colormag_page_container_layout":"default_layout","colormag_page_sidebar_layout":"default_layout","footnotes":""},"categories":[2],"tags":[],"class_list":["post-45941","post","type-post","status-publish","format-standard","has-post-thumbnail","hentry","category-infogral"],"_links":{"self":[{"href":"http:\/\/vocesver.com\/noticias\/wp-json\/wp\/v2\/posts\/45941","targetHints":{"allow":["GET"]}}],"collection":[{"href":"http:\/\/vocesver.com\/noticias\/wp-json\/wp\/v2\/posts"}],"about":[{"href":"http:\/\/vocesver.com\/noticias\/wp-json\/wp\/v2\/types\/post"}],"author":[{"embeddable":true,"href":"http:\/\/vocesver.com\/noticias\/wp-json\/wp\/v2\/users\/2"}],"replies":[{"embeddable":true,"href":"http:\/\/vocesver.com\/noticias\/wp-json\/wp\/v2\/comments?post=45941"}],"version-history":[{"count":1,"href":"http:\/\/vocesver.com\/noticias\/wp-json\/wp\/v2\/posts\/45941\/revisions"}],"predecessor-version":[{"id":45944,"href":"http:\/\/vocesver.com\/noticias\/wp-json\/wp\/v2\/posts\/45941\/revisions\/45944"}],"wp:featuredmedia":[{"embeddable":true,"href":"http:\/\/vocesver.com\/noticias\/wp-json\/wp\/v2\/media\/45946"}],"wp:attachment":[{"href":"http:\/\/vocesver.com\/noticias\/wp-json\/wp\/v2\/media?parent=45941"}],"wp:term":[{"taxonomy":"category","embeddable":true,"href":"http:\/\/vocesver.com\/noticias\/wp-json\/wp\/v2\/categories?post=45941"},{"taxonomy":"post_tag","embeddable":true,"href":"http:\/\/vocesver.com\/noticias\/wp-json\/wp\/v2\/tags?post=45941"}],"curies":[{"name":"wp","href":"https:\/\/api.w.org\/{rel}","templated":true}]}}