{"id":45931,"date":"2025-05-05T23:44:28","date_gmt":"2025-05-05T23:44:28","guid":{"rendered":"http:\/\/vocesver.com\/noticias\/?p=45931"},"modified":"2025-05-06T14:52:05","modified_gmt":"2025-05-06T14:52:05","slug":"la-gente-clama-justicia-en-el-poder-judicial-y-ya-no-quiere-mas-corrupcioneder-hernandez-rosas","status":"publish","type":"post","link":"http:\/\/vocesver.com\/noticias\/la-gente-clama-justicia-en-el-poder-judicial-y-ya-no-quiere-mas-corrupcioneder-hernandez-rosas\/","title":{"rendered":"LA GENTE CLAMA JUSTICIA EN EL PODER JUDICIAL Y YA NO QUIERE M\u00c1S CORRUPCION:EDER HERNANDEZ ROSAS"},"content":{"rendered":"\n<p>El es candidato a Juez de Distrito en Materia Mixta Distrito 2 que comprende m\u00e1s de 80 municipios.<br>En la boleta amarilla aparee con el n\u00famero 17 , durante sus visita recibi\u00f3 infinidad de mues tras de apoyo de la ciudadan\u00eda.<br><br>AUSENCIO RIVERA\/VOCESVER.COM\/NOTICIAS<br><br>Veracruz, Ver.. A 5 de Mayo 2025.. Una justicia pronta y expedita para el pueblo ofrece el licenciado Eder Hern\u00e1ndez Rosas candidato a Juez de Distrito en Materia Mixta en el Distrito 2 de Veracruz que comprende mas de 80 municipios del Estado de Veracruz. Entrevistado la ma\u00f1ana de este lunes en el Puerto de Veracruz el aspirante a. Juez de Distrito expreso que este dia vino a realizaer campa\u00f1a al puerto jarocho donde se reuni\u00f3 con diversos ciudadanos quienes le conocen y saben que har\u00eda un buen papel si llega a ocupar dicho cargo,.<br>Destac\u00f3 que \u00e9l le ofrece a la ciudadan\u00eda una justicia accesible y entendible para todos. Sobre todo que sea una justicia m\u00e1s cercana a la gente y asegur\u00f3 que por ningun motivo tolerar\u00e1 actos de corrupci\u00f3n, ni de nepotismo.. <br>El joven abogado dijo: yo no pertenezco al Poder Judicial de la Federaci\u00f3n, nunca he laborado en ning\u00fan \u00f3rganos jurisdiccional y eso habla muy bien de mi enfatiz\u00f3.,<br>Muchos de los jueces en funciones y secretarios dicen que los que viene de afuera no tenemos experiencia ,sin embargo yo les aseguro que nosotros tenemos m\u00e1s experiencia que cualquiera,\u00bb porque nosotros conocemos a la gente y sobre todo conocemos lo que los ciudadanos necesitan y, ellos lo que reclaman es justicia r\u00e1pida y no quiere m\u00e1s corrupci\u00f3n\u00bb.<br>Reiter\u00f3 que es candidato a juez por el d\u00edstrito 2 de Veracrz y en la boleta amarilla aparece con el n\u00famero 17 .<br> Insisti\u00f3 que en las reuniones con la ciudadan\u00eda \u00e9 s<\/p>\n\n\n\n<p>ta le manifiestan que y a est\u00e1n cansados de la corrupcion y el nepostismo que permea en el Poder Judicial d el Estado d e Veracruz. <br> En mis planes de trabajo contemplamos una renovacion del Poder Judicial del Estado en beneficio del pueblo apunt\u00f3.<br>Dijo que es originario de Xalapa Veracruz, tienen 15 a\u00f1os de ser abogado postulante y cuenta con su propio despacho donde labora junto con \u00e9l 12 abogados m\u00e1s&#8230; <br><br><br><br><\/p>\n\n\n\n<p><\/p>\n","protected":false},"excerpt":{"rendered":"<p>El es candidato a Juez de Distrito en Materia Mixta Distrito 2 que comprende m\u00e1s de 80 municipios.En la boleta<\/p>\n","protected":false},"author":2,"featured_media":45936,"comment_status":"open","ping_status":"open","sticky":false,"template":"","format":"standard","meta":{"colormag_page_container_layout":"default_layout","colormag_page_sidebar_layout":"default_layout","footnotes":""},"categories":[2],"tags":[],"class_list":["post-45931","post","type-post","status-publish","format-standard","has-post-thumbnail","hentry","category-infogral"],"_links":{"self":[{"href":"http:\/\/vocesver.com\/noticias\/wp-json\/wp\/v2\/posts\/45931","targetHints":{"allow":["GET"]}}],"collection":[{"href":"http:\/\/vocesver.com\/noticias\/wp-json\/wp\/v2\/posts"}],"about":[{"href":"http:\/\/vocesver.com\/noticias\/wp-json\/wp\/v2\/types\/post"}],"author":[{"embeddable":true,"href":"http:\/\/vocesver.com\/noticias\/wp-json\/wp\/v2\/users\/2"}],"replies":[{"embeddable":true,"href":"http:\/\/vocesver.com\/noticias\/wp-json\/wp\/v2\/comments?post=45931"}],"version-history":[{"count":5,"href":"http:\/\/vocesver.com\/noticias\/wp-json\/wp\/v2\/posts\/45931\/revisions"}],"predecessor-version":[{"id":45948,"href":"http:\/\/vocesver.com\/noticias\/wp-json\/wp\/v2\/posts\/45931\/revisions\/45948"}],"wp:featuredmedia":[{"embeddable":true,"href":"http:\/\/vocesver.com\/noticias\/wp-json\/wp\/v2\/media\/45936"}],"wp:attachment":[{"href":"http:\/\/vocesver.com\/noticias\/wp-json\/wp\/v2\/media?parent=45931"}],"wp:term":[{"taxonomy":"category","embeddable":true,"href":"http:\/\/vocesver.com\/noticias\/wp-json\/wp\/v2\/categories?post=45931"},{"taxonomy":"post_tag","embeddable":true,"href":"http:\/\/vocesver.com\/noticias\/wp-json\/wp\/v2\/tags?post=45931"}],"curies":[{"name":"wp","href":"https:\/\/api.w.org\/{rel}","templated":true}]}}