{"id":45924,"date":"2025-05-05T14:39:25","date_gmt":"2025-05-05T14:39:25","guid":{"rendered":"http:\/\/vocesver.com\/noticias\/?p=45924"},"modified":"2025-05-05T14:39:34","modified_gmt":"2025-05-05T14:39:34","slug":"reafirma-bertha-ahued-su-compromiso-con-las-familias-boquenas","status":"publish","type":"post","link":"http:\/\/vocesver.com\/noticias\/reafirma-bertha-ahued-su-compromiso-con-las-familias-boquenas\/","title":{"rendered":"*Reafirma Bertha Ahued su compromiso con las familias boque\u00f1as"},"content":{"rendered":"<br \/><br \/>> Acciones de rehabilitaci\u00f3n de drenaje, embellecimiento de calles y la renovaci\u00f3n de espacios recreativos y deportivos, ser\u00e1n una realidad, dijo la candidata de Morena-PVEM a la alcald\u00eda de Boca del R\u00edo<br \/><br \/>Ausencio Rivera\/Vocesver.com\/noticias <br \/><br \/>Boca del R\u00edo, Ver. 4 de mayo 2025.- Durante este fin de semana la candidata a la Presidencia Municipal de Boca del R\u00edo por la coalici\u00f3n Morena-PVEM, Bertha Ahued Malpica, continu\u00f3 llevando sus propuestas de trabajo a los y las boque\u00f1as. <br \/>Desde muy temprano, y sin importar el calor, abord\u00f3 a los automovistas, taxistas y conductores del transporte urbano que circulaban por el bulevar Adolfo Ruiz Cortines y la avenida Juan Pablo II compartiendo su proyecto de Transformaci\u00f3n.<br \/><br \/>Por la tarde, Bertha Ahued Malpica, camin\u00f3 por las calles de la colonia ampliaci\u00f3n Miguel Alem\u00e1n en donde expuso a las jefas de familia que dentro de su plan de gobierno contempla la creaci\u00f3n de una red solidaria de mujeres con la cual dar\u00e1 impulso a las emprendedoras para que consoliden sus negocios y as\u00ed fortalecer la econom\u00eda local.<br \/><br \/>La candidata de Morena-PVEM, mencion\u00f3 tambi\u00e9n la importancia de que los j\u00f3venes cuenten con oportunidades laborales por lo que insisti\u00f3 en la creaci\u00f3n de bolsas de trabajo en conjunto con el sector empresarial de Boca del R\u00edo.<br \/><br \/>Por su parte, los habitantes de la colonia ampliaci\u00f3n Miguel Alem\u00e1n entregaron a la aspirante a la alcald\u00eda boque\u00f1a sus peticiones para mejorar las condiciones de vida, entre las que destacan la pavimentaci\u00f3n de calles y alumbrado p\u00fablico, pues las luminarias con las que cuenta son insuficientes.<br \/><br \/>En ese sentido, Bertha Ahued Malpica, puntualiz\u00f3 que los servicios p\u00fablicos para todos los boque\u00f1os s\u00ed o s\u00ed tienen que ser una realidad para lograr la Transformaci\u00f3n de Boca del R\u00edo, para esto, dijo que implementar\u00e1 acciones de rehabilitaci\u00f3n de drenaje, embellecimiento de calles y la renovaci\u00f3n de espacios recreativos y deportivos.<br \/><br \/>\u00abQuiero un Boca del R\u00edo limpio para las familias, que los ni\u00f1os y las ni\u00f1as vivan con Bienestar en un entorno sano, limpieza y desazolve, calles bonitas sin basura ni tierra; pavimentadas y bien iluminadas\u00bb, destac\u00f3 Bertha Ahued Malpica.<br \/><br \/>Es por ello que la candidata a ser la primera alcaldesa de Boca del R\u00edo recalc\u00f3 que es importante que la ciudadan\u00eda salga a las urnas el pr\u00f3ximo 1 de junio y vote marcando en su boleta Morena-PVEM. <br \/><br \/>Al finalizar su recorrido, Bertha Ahued Malpica agradeci\u00f3 el apoyo y la confianza recibidos por parte de las familias y reiter\u00f3 su compromiso de trabajar d\u00eda a d\u00eda por Amor a Boca del R\u00edo<br \/><br \/><br \/><br \/><br \/>","protected":false},"excerpt":{"rendered":"<p>> Acciones de rehabilitaci\u00f3n de drenaje, embellecimiento de calles y la renovaci\u00f3n de espacios recreativos y deportivos, ser\u00e1n una realidad,<\/p>\n","protected":false},"author":2,"featured_media":45929,"comment_status":"open","ping_status":"open","sticky":false,"template":"","format":"standard","meta":{"colormag_page_container_layout":"default_layout","colormag_page_sidebar_layout":"default_layout","footnotes":""},"categories":[2],"tags":[],"class_list":["post-45924","post","type-post","status-publish","format-standard","has-post-thumbnail","hentry","category-infogral"],"_links":{"self":[{"href":"http:\/\/vocesver.com\/noticias\/wp-json\/wp\/v2\/posts\/45924","targetHints":{"allow":["GET"]}}],"collection":[{"href":"http:\/\/vocesver.com\/noticias\/wp-json\/wp\/v2\/posts"}],"about":[{"href":"http:\/\/vocesver.com\/noticias\/wp-json\/wp\/v2\/types\/post"}],"author":[{"embeddable":true,"href":"http:\/\/vocesver.com\/noticias\/wp-json\/wp\/v2\/users\/2"}],"replies":[{"embeddable":true,"href":"http:\/\/vocesver.com\/noticias\/wp-json\/wp\/v2\/comments?post=45924"}],"version-history":[{"count":1,"href":"http:\/\/vocesver.com\/noticias\/wp-json\/wp\/v2\/posts\/45924\/revisions"}],"predecessor-version":[{"id":45927,"href":"http:\/\/vocesver.com\/noticias\/wp-json\/wp\/v2\/posts\/45924\/revisions\/45927"}],"wp:featuredmedia":[{"embeddable":true,"href":"http:\/\/vocesver.com\/noticias\/wp-json\/wp\/v2\/media\/45929"}],"wp:attachment":[{"href":"http:\/\/vocesver.com\/noticias\/wp-json\/wp\/v2\/media?parent=45924"}],"wp:term":[{"taxonomy":"category","embeddable":true,"href":"http:\/\/vocesver.com\/noticias\/wp-json\/wp\/v2\/categories?post=45924"},{"taxonomy":"post_tag","embeddable":true,"href":"http:\/\/vocesver.com\/noticias\/wp-json\/wp\/v2\/tags?post=45924"}],"curies":[{"name":"wp","href":"https:\/\/api.w.org\/{rel}","templated":true}]}}