{"id":45919,"date":"2025-05-05T14:33:08","date_gmt":"2025-05-05T14:33:08","guid":{"rendered":"http:\/\/vocesver.com\/noticias\/?p=45919"},"modified":"2025-05-05T14:35:35","modified_gmt":"2025-05-05T14:35:35","slug":"pie-de-foto-cabalgata-el-camino-es-rosa","status":"publish","type":"post","link":"http:\/\/vocesver.com\/noticias\/pie-de-foto-cabalgata-el-camino-es-rosa\/","title":{"rendered":"Pie de foto: *Cabalgata El Camino es Rosa*"},"content":{"rendered":"<br \/>AUSENCIO RIVERA\/VOCESVER.COM\/NOTICIAS<br \/><br \/>Veracruz, Ver. 04 de mayo de 2025.- La candidata de la coalici\u00f3n Morena\u2013PVEM a la presidencia municipal de Veracruz, Rosa Mar\u00eda Hern\u00e1ndez Espejo, encabez\u00f3 la Cabalgata de la Amistad en Santa Fe, donde convivi\u00f3 con m\u00e1s de 800 cabalgantes provenientes de diversas comunidades de la zona rural.<br \/><br \/>Al asistir como invitada al tradicional recorrido, Rosa Mar\u00eda comparti\u00f3 con las y los asistentes una jornada de identidad y arraigo, reafirmando su cercan\u00eda con las ra\u00edces veracruzanas y el aprecio por las expresiones culturales.<br \/>","protected":false},"excerpt":{"rendered":"<p>AUSENCIO RIVERA\/VOCESVER.COM\/NOTICIAS Veracruz, Ver. 04 de mayo de 2025.- La candidata de la coalici\u00f3n Morena\u2013PVEM a la presidencia municipal de<\/p>\n","protected":false},"author":2,"featured_media":45925,"comment_status":"open","ping_status":"open","sticky":false,"template":"","format":"standard","meta":{"colormag_page_container_layout":"default_layout","colormag_page_sidebar_layout":"default_layout","footnotes":""},"categories":[2],"tags":[],"class_list":["post-45919","post","type-post","status-publish","format-standard","has-post-thumbnail","hentry","category-infogral"],"_links":{"self":[{"href":"http:\/\/vocesver.com\/noticias\/wp-json\/wp\/v2\/posts\/45919","targetHints":{"allow":["GET"]}}],"collection":[{"href":"http:\/\/vocesver.com\/noticias\/wp-json\/wp\/v2\/posts"}],"about":[{"href":"http:\/\/vocesver.com\/noticias\/wp-json\/wp\/v2\/types\/post"}],"author":[{"embeddable":true,"href":"http:\/\/vocesver.com\/noticias\/wp-json\/wp\/v2\/users\/2"}],"replies":[{"embeddable":true,"href":"http:\/\/vocesver.com\/noticias\/wp-json\/wp\/v2\/comments?post=45919"}],"version-history":[{"count":1,"href":"http:\/\/vocesver.com\/noticias\/wp-json\/wp\/v2\/posts\/45919\/revisions"}],"predecessor-version":[{"id":45923,"href":"http:\/\/vocesver.com\/noticias\/wp-json\/wp\/v2\/posts\/45919\/revisions\/45923"}],"wp:featuredmedia":[{"embeddable":true,"href":"http:\/\/vocesver.com\/noticias\/wp-json\/wp\/v2\/media\/45925"}],"wp:attachment":[{"href":"http:\/\/vocesver.com\/noticias\/wp-json\/wp\/v2\/media?parent=45919"}],"wp:term":[{"taxonomy":"category","embeddable":true,"href":"http:\/\/vocesver.com\/noticias\/wp-json\/wp\/v2\/categories?post=45919"},{"taxonomy":"post_tag","embeddable":true,"href":"http:\/\/vocesver.com\/noticias\/wp-json\/wp\/v2\/tags?post=45919"}],"curies":[{"name":"wp","href":"https:\/\/api.w.org\/{rel}","templated":true}]}}