{"id":45916,"date":"2025-05-02T21:53:59","date_gmt":"2025-05-02T21:53:59","guid":{"rendered":"http:\/\/vocesver.com\/noticias\/?p=45916"},"modified":"2025-05-02T21:56:33","modified_gmt":"2025-05-02T21:56:33","slug":"la-transformacion-de-boca-del-rio-empieza-con-las-mujeres","status":"publish","type":"post","link":"http:\/\/vocesver.com\/noticias\/la-transformacion-de-boca-del-rio-empieza-con-las-mujeres\/","title":{"rendered":"*La Transformaci\u00f3n de Boca del R\u00edo empieza con las mujeres*"},"content":{"rendered":"<br \/><br \/>_Bertha Ahued Malpica, candidata a la alcald\u00eda de Boca del R\u00edo por la coalici\u00f3n Morena-PVEM, invita a boque\u00f1as a sumarse a la red solidaria de mujeres_ <br \/><br \/><br \/>AUSENCIO RIVERA\/VOCESVER.COM\/NOTICIAS<br \/><br \/>Boca del R\u00edo, Ver. 2 de mayo de 2025.-<br \/>Bertha Ahued Malpica, candidata a la Presidencia Municipal de Boca del R\u00edo por la coalici\u00f3n Morena-PVEM sostuvo esta ma\u00f1ana una reuni\u00f3n con grupo de mujeres boque\u00f1as emprendedoras, profesionistas y amas de casa con las que comparti\u00f3 su visi\u00f3n de trabajo para la transformaci\u00f3n del municipio.<br \/><br \/>\u00abDesde el inicio de mi campa\u00f1a he dicho, primero las mujeres porque quiero el desarrollo econ\u00f3mico en Boca del R\u00edo, pero no s\u00f3lo el de las mujeres, madres de familia o jefas de familia, tambi\u00e9n de los j\u00f3venes que por alguna raz\u00f3n no terminaron el bachillerato, esos j\u00f3venes hay que hacer que terminen el bachillerato, que hagan una carrera, aunque sea t\u00e9cnica y conseguirles buenos empleos, esos j\u00f3venes necesitamos jalarlos\u00bb, expres\u00f3 la candidata.<br \/><br \/>En ese sentido, Bertha Ahued Malpica invit\u00f3 a las boque\u00f1as crear una red solidaria de mujeres para llevar a la ciudadan\u00eda acciones a favor del desarrollo econ\u00f3mico, del medio ambiente, la cultura y servicios de salud, proyecto que est\u00e1 integrado en mi plan de trabajo para la gobernanza municipal de Boca del R\u00edo,<br \/><br \/>\u00abS\u00ed es importante que veamos, que nos hagamos de un equipo profesional, que no sean improvisados, necesitamos gente experta para hacer que en cada colonia y cada fraccionamiento cuente con servicios, cuidando el medio ambiente, impulsando la cultura, los deportes y la salud\u00bb, asever\u00f3 la candidata a la alcald\u00eda de Boca del R\u00edo.<br \/><br \/>Record\u00f3 que una de sus principales  propuestas como diputada fue la del cuidado de la salud mental y emocional de ni\u00f1os y j\u00f3venes veracruzanos misma que present\u00f3 ante \u00e9l  Congreso del Estado de Veracruz.<br \/><br \/>\u00abAl entrar a la diputaci\u00f3n lo primero fue proponer dar a los ni\u00f1os de primarias y secundarias bienestar emocional, que personas j\u00f3venes que estudian psicolog\u00eda y psiquiatr\u00eda hicieran su servicio social dentro de las escuelas primarias y secundarias, porque es importante cuidar la salud mental, y luego las mismas maestras me dijeron que es necesario desde el preescolar\u00bb, mencion\u00f3.<br \/><br \/>La abanderada por la coalici\u00f3n Morena-PVEM en Boca del R\u00edo, recalc\u00f3 para generar condiciones de bienestar, tambi\u00e9n  es necesario enfocarse en los servicios p\u00fablicos, por lo que indic\u00f3 que de ganar la alcald\u00eda boque\u00f1a la transformaci\u00f3n de Boca del R\u00edo comenzar\u00eda por las colonias.<br \/><br \/>\u00abA m\u00ed me preguntan \u00bfpor d\u00f3nde empezar\u00edas? empezar\u00eda yo por ah\u00ed por la iluminaci\u00f3n que tiene que estar en todas las colonias, los topes, las guarniciones porque est\u00e1n fatal en unas colonias y ni banquetas hay. Comenzar\u00eda por ah\u00ed\u00bb, asegur\u00f3 Bertha Ahued Malpica.<br \/><br \/>Finalmente la aspirante a la Presidencia Municipal de Boca del R\u00edo, agradeci\u00f3 la presencia de las boque\u00f1as y se comprometi\u00f3 a estrechar lazos con ellas para que la transformaci\u00f3n llegue al municipio el pr\u00f3ximo 1 de junio desde las urnas.<br \/><br \/><br \/><br \/><br \/><br \/><br \/><br \/><br \/>","protected":false},"excerpt":{"rendered":"<p>_Bertha Ahued Malpica, candidata a la alcald\u00eda de Boca del R\u00edo por la coalici\u00f3n Morena-PVEM, invita a boque\u00f1as a sumarse<\/p>\n","protected":false},"author":2,"featured_media":45920,"comment_status":"open","ping_status":"open","sticky":false,"template":"","format":"standard","meta":{"colormag_page_container_layout":"default_layout","colormag_page_sidebar_layout":"default_layout","footnotes":""},"categories":[2],"tags":[],"class_list":["post-45916","post","type-post","status-publish","format-standard","has-post-thumbnail","hentry","category-infogral"],"_links":{"self":[{"href":"http:\/\/vocesver.com\/noticias\/wp-json\/wp\/v2\/posts\/45916","targetHints":{"allow":["GET"]}}],"collection":[{"href":"http:\/\/vocesver.com\/noticias\/wp-json\/wp\/v2\/posts"}],"about":[{"href":"http:\/\/vocesver.com\/noticias\/wp-json\/wp\/v2\/types\/post"}],"author":[{"embeddable":true,"href":"http:\/\/vocesver.com\/noticias\/wp-json\/wp\/v2\/users\/2"}],"replies":[{"embeddable":true,"href":"http:\/\/vocesver.com\/noticias\/wp-json\/wp\/v2\/comments?post=45916"}],"version-history":[{"count":1,"href":"http:\/\/vocesver.com\/noticias\/wp-json\/wp\/v2\/posts\/45916\/revisions"}],"predecessor-version":[{"id":45918,"href":"http:\/\/vocesver.com\/noticias\/wp-json\/wp\/v2\/posts\/45916\/revisions\/45918"}],"wp:featuredmedia":[{"embeddable":true,"href":"http:\/\/vocesver.com\/noticias\/wp-json\/wp\/v2\/media\/45920"}],"wp:attachment":[{"href":"http:\/\/vocesver.com\/noticias\/wp-json\/wp\/v2\/media?parent=45916"}],"wp:term":[{"taxonomy":"category","embeddable":true,"href":"http:\/\/vocesver.com\/noticias\/wp-json\/wp\/v2\/categories?post=45916"},{"taxonomy":"post_tag","embeddable":true,"href":"http:\/\/vocesver.com\/noticias\/wp-json\/wp\/v2\/tags?post=45916"}],"curies":[{"name":"wp","href":"https:\/\/api.w.org\/{rel}","templated":true}]}}