{"id":45437,"date":"2025-02-18T23:09:37","date_gmt":"2025-02-18T23:09:37","guid":{"rendered":"http:\/\/vocesver.com\/noticias\/?p=45437"},"modified":"2025-02-18T23:10:53","modified_gmt":"2025-02-18T23:10:53","slug":"gobierno-del-estado-impulsa-la-modernizacion-fiscal-con-foro-de-reformas","status":"publish","type":"post","link":"http:\/\/vocesver.com\/noticias\/gobierno-del-estado-impulsa-la-modernizacion-fiscal-con-foro-de-reformas\/","title":{"rendered":"Gobierno del Estado impulsa la modernizaci\u00f3n fiscal con foro de reformas"},"content":{"rendered":">Refuerza el desempe\u00f1o de servidores p\u00fablicos con cursos especializados<br \/><br \/>Ausencio Rivera\/Vocesver. com\/noticias<br \/>Xalapa, Ver., martes 18 de febrero de 2025.- La Secretar\u00eda de Finanzas y<br \/>Planeaci\u00f3n (Sefiplan), realiz\u00f3 el Foro Reformas Fiscales 2025, para analizar y<br \/>debatir las adhesiones y modificaciones a la legislaci\u00f3n tributaria, con el objetivo<br \/>de actualizar y eficientar la administraci\u00f3n estatal.<br \/>Destacaron los temas sobre las disposiciones fiscales, la sostenibilidad del gasto<br \/>p\u00fablico y la Resoluci\u00f3n Miscel\u00e1nea para el presente ejercicio, estrategias que<br \/>tienen el prop\u00f3sito de coadyuvar en la actualizaci\u00f3n tributaria de los servidores<br \/>p\u00fablicos de la administraci\u00f3n p\u00fablica.<br \/>En este marco, a trav\u00e9s la Subdirecci\u00f3n de Servicio P\u00fablico de Carrera, se<br \/>realizaron cursos de capacitaci\u00f3n, dise\u00f1ados para fortalecer y mejorar<br \/>desempe\u00f1os, con la adecuada interpretaci\u00f3n y aplicaci\u00f3n de las leyes fiscales que<br \/>garantizan la transparencia y el cumplimiento normativo.<br \/>Ante 400 asistentes en el auditorio Sergio Pitol del IMAC, en representaci\u00f3n<br \/>titular de la Sefiplan, Miguel Reyes Hern\u00e1ndez, el subsecretario de Ingresos, Aniel<br \/>Alberto Altamirano Ogarrio, destac\u00f3 que el encuentro es una excelente<br \/>oportunidad para enriquecer las capacidades en la materia, pues se comparten<br \/>las mejores experiencias y conocimientos.<br \/>La realizaci\u00f3n de este foro reafirma el compromiso del Gobierno del Estado con<br \/>la modernizaci\u00f3n y eficiencia de la administraci\u00f3n p\u00fablica, impulsando reformas<br \/>que beneficien a la sociedad y fortalezcan la gesti\u00f3n gubernamental..<br \/><br \/><br \/><br \/><br \/><br \/><br \/><br \/><br \/><br \/><br \/><br \/><br \/><br \/><br \/><br \/><br \/><br \/><br \/><br \/><br \/><br \/><br \/><br \/>","protected":false},"excerpt":{"rendered":"<p>>Refuerza el desempe\u00f1o de servidores p\u00fablicos con cursos especializados Ausencio Rivera\/Vocesver. com\/noticiasXalapa, Ver., martes 18 de febrero de 2025.- La<\/p>\n","protected":false},"author":2,"featured_media":45444,"comment_status":"open","ping_status":"open","sticky":false,"template":"","format":"standard","meta":{"colormag_page_container_layout":"default_layout","colormag_page_sidebar_layout":"default_layout","footnotes":""},"categories":[2],"tags":[],"class_list":["post-45437","post","type-post","status-publish","format-standard","has-post-thumbnail","hentry","category-infogral"],"_links":{"self":[{"href":"http:\/\/vocesver.com\/noticias\/wp-json\/wp\/v2\/posts\/45437","targetHints":{"allow":["GET"]}}],"collection":[{"href":"http:\/\/vocesver.com\/noticias\/wp-json\/wp\/v2\/posts"}],"about":[{"href":"http:\/\/vocesver.com\/noticias\/wp-json\/wp\/v2\/types\/post"}],"author":[{"embeddable":true,"href":"http:\/\/vocesver.com\/noticias\/wp-json\/wp\/v2\/users\/2"}],"replies":[{"embeddable":true,"href":"http:\/\/vocesver.com\/noticias\/wp-json\/wp\/v2\/comments?post=45437"}],"version-history":[{"count":1,"href":"http:\/\/vocesver.com\/noticias\/wp-json\/wp\/v2\/posts\/45437\/revisions"}],"predecessor-version":[{"id":45442,"href":"http:\/\/vocesver.com\/noticias\/wp-json\/wp\/v2\/posts\/45437\/revisions\/45442"}],"wp:featuredmedia":[{"embeddable":true,"href":"http:\/\/vocesver.com\/noticias\/wp-json\/wp\/v2\/media\/45444"}],"wp:attachment":[{"href":"http:\/\/vocesver.com\/noticias\/wp-json\/wp\/v2\/media?parent=45437"}],"wp:term":[{"taxonomy":"category","embeddable":true,"href":"http:\/\/vocesver.com\/noticias\/wp-json\/wp\/v2\/categories?post=45437"},{"taxonomy":"post_tag","embeddable":true,"href":"http:\/\/vocesver.com\/noticias\/wp-json\/wp\/v2\/tags?post=45437"}],"curies":[{"name":"wp","href":"https:\/\/api.w.org\/{rel}","templated":true}]}}