{"id":45431,"date":"2025-02-18T22:59:10","date_gmt":"2025-02-18T22:59:10","guid":{"rendered":"http:\/\/vocesver.com\/noticias\/?p=45431"},"modified":"2025-02-18T23:01:46","modified_gmt":"2025-02-18T23:01:46","slug":"veracruz-es-la-corona-del-golfo-de-mexico-y-un-destino-clave-para-inversionistas-rocio-nahle","status":"publish","type":"post","link":"http:\/\/vocesver.com\/noticias\/veracruz-es-la-corona-del-golfo-de-mexico-y-un-destino-clave-para-inversionistas-rocio-nahle\/","title":{"rendered":"Veracruz es la corona del Golfo de M\u00e9xico y un destino clave para inversionistas: Roc\u00edo Nahle"},"content":{"rendered":"\n<p>>Es l\u00edder en energ\u00eda, infraestructura y desarrollo log\u00edstico.<br>>Ofrece estabilidad y facilidades para el desarrollo empresarial.<br><br>Ausencio Rivera\/Vocesver. com\/noticias<br>Boca del R\u00edo, Ver., martes 18 de febrero de 2025.- Al inaugurar el Foro de Promoci\u00f3n<br>de Inversiones en el Sur-Sureste de M\u00e9xico, la gobernadora Roc\u00edo Nahle Garc\u00eda destac\u00f3 el<br>papel estrat\u00e9gico de Veracruz en el desarrollo econ\u00f3mico del pa\u00eds, subrayando su<br>estabilidad pol\u00edtica, infraestructura energ\u00e9tica y log\u00edstica, as\u00ed como las condiciones \u00f3ptimas<br>para la inversi\u00f3n.<br>Acompa\u00f1ada por la coordinadora del Consejo Asesor de Desarrollo Econ\u00f3mico Regional<br>y Relocalizaci\u00f3n, Altagracia G\u00f3mez Sierra, enfatiz\u00f3 la ubicaci\u00f3n geogr\u00e1fica privilegiada<br>del estado, su riqueza en recursos naturales y humanos, y su liderazgo en producci\u00f3n y<br>distribuci\u00f3n energ\u00e9tica.<br>\u201cVeracruz, como nosotros decimos, es la corona del Golfo de M\u00e9xico, s\u00ed, Golfo de M\u00e9xico.<br>Que no nos quede duda, tenemos 750 km de litoral, y a trav\u00e9s de nuestras 10 regiones,<br>contamos con la mayor diversidad que se tiene en M\u00e9xico.\u201d<br>Asimismo, resalt\u00f3 la importancia del estado en el comercio internacional, con tres puertos<br>clave: Coatzacoalcos, l\u00edder en petroqu\u00edmicos y petrol\u00edferos; Veracruz, el m\u00e1s importante<br>en carga; y Tuxpan, el principal en l\u00edquidos y combustibles, adem\u00e1s de su conexi\u00f3n con el<br>Tren Maya y el Corredor Interoce\u00e1nico del Istmo de Tehuantepec.. Nahle Garc\u00eda reiter\u00f3 el compromiso de brindar todas las facilidades necesarias para el<br>establecimiento y crecimiento de nuevas inversiones, asegurando estabilidad y garant\u00edas<br>para los empresarios: \u201cQueremos que vean a Veracruz como una tierra de oportunidades,<br>con condiciones \u00f3ptimas para el desarrollo productivo y econ\u00f3mico\u00bb, agreg\u00f3.<br>Por su parte, la vicepresidenta de Americas Society\/Council of the Americas, Ragnhild<br>Melzi, destac\u00f3 que esta es la primera vez que el Council of the Americas organiza un foro<br>en esta regi\u00f3n, reconociendo la visi\u00f3n de la Gobernadora para fortalecer la atracci\u00f3n de<br>inversiones.<br>\u201cLa oportunidad de inversi\u00f3n en el sur-sureste es inmensa, y la cooperaci\u00f3n entre gobiernos<br>y empresas es fundamental para consolidar proyectos de largo plazo que beneficien a la<br>poblaci\u00f3n y al desarrollo nacional\u201d.<br>El foro abordar\u00e1 temas clave como las oportunidades de inversi\u00f3n en infraestructura,<br>energ\u00eda, transporte y manufactura; el desarrollo del Corredor Interoce\u00e1nico del Istmo de<br>Tehuantepec y su impacto en el comercio global y la competitividad regional; incentivos<br>fiscales para la instalaci\u00f3n de nuevas industrias; desaf\u00edos y oportunidades en sectores<br>estrat\u00e9gicos con alto potencial de crecimiento; la integraci\u00f3n de cadenas de valor en<br>Am\u00e9rica del Norte, con \u00e9nfasis en el nearshoring y la relocalizaci\u00f3n de empresas; as\u00ed como<br>sostenibilidad y desarrollo social, incluyendo modelos de inversi\u00f3n con impacto social y<br>ambiental, infraestructura resiliente y energ\u00edas renovables.<br>Participaron representantes del sector empresarial, as\u00ed como los titulares de las secretar\u00edas<br>de Desarrollo Econ\u00f3mico y Portuario, Ernesto P\u00e9rez Astorga; de Gobierno, Ricardo Ahued<br>Bardahuil; de Finanzas y Planeaci\u00f3n, Miguel Santiago Reyes Hern\u00e1ndez; de Turismo,<br>Dulce Mar\u00eda de la Reguera G\u00f3mez; de Trabajo, Previsi\u00f3n Social y Productividad, Luis<br>Arturo Santiago Mart\u00ednez; y de Desarrollo Social, Margarita Santoprieto..<br><br><br><br><br><br><br><br><br><br><br><br><br><br><br><br><br><br><br><br><br><br><br><br><\/p>\n","protected":false},"excerpt":{"rendered":"<p>>Es l\u00edder en energ\u00eda, infraestructura y desarrollo log\u00edstico.>Ofrece estabilidad y facilidades para el desarrollo empresarial. Ausencio Rivera\/Vocesver. com\/noticiasBoca del R\u00edo,<\/p>\n","protected":false},"author":2,"featured_media":45440,"comment_status":"open","ping_status":"open","sticky":false,"template":"","format":"standard","meta":{"colormag_page_container_layout":"default_layout","colormag_page_sidebar_layout":"default_layout","footnotes":""},"categories":[2],"tags":[],"class_list":["post-45431","post","type-post","status-publish","format-standard","has-post-thumbnail","hentry","category-infogral"],"_links":{"self":[{"href":"http:\/\/vocesver.com\/noticias\/wp-json\/wp\/v2\/posts\/45431","targetHints":{"allow":["GET"]}}],"collection":[{"href":"http:\/\/vocesver.com\/noticias\/wp-json\/wp\/v2\/posts"}],"about":[{"href":"http:\/\/vocesver.com\/noticias\/wp-json\/wp\/v2\/types\/post"}],"author":[{"embeddable":true,"href":"http:\/\/vocesver.com\/noticias\/wp-json\/wp\/v2\/users\/2"}],"replies":[{"embeddable":true,"href":"http:\/\/vocesver.com\/noticias\/wp-json\/wp\/v2\/comments?post=45431"}],"version-history":[{"count":3,"href":"http:\/\/vocesver.com\/noticias\/wp-json\/wp\/v2\/posts\/45431\/revisions"}],"predecessor-version":[{"id":45439,"href":"http:\/\/vocesver.com\/noticias\/wp-json\/wp\/v2\/posts\/45431\/revisions\/45439"}],"wp:featuredmedia":[{"embeddable":true,"href":"http:\/\/vocesver.com\/noticias\/wp-json\/wp\/v2\/media\/45440"}],"wp:attachment":[{"href":"http:\/\/vocesver.com\/noticias\/wp-json\/wp\/v2\/media?parent=45431"}],"wp:term":[{"taxonomy":"category","embeddable":true,"href":"http:\/\/vocesver.com\/noticias\/wp-json\/wp\/v2\/categories?post=45431"},{"taxonomy":"post_tag","embeddable":true,"href":"http:\/\/vocesver.com\/noticias\/wp-json\/wp\/v2\/tags?post=45431"}],"curies":[{"name":"wp","href":"https:\/\/api.w.org\/{rel}","templated":true}]}}