{"id":45427,"date":"2025-02-18T22:50:47","date_gmt":"2025-02-18T22:50:47","guid":{"rendered":"http:\/\/vocesver.com\/noticias\/?p=45427"},"modified":"2025-02-18T22:54:41","modified_gmt":"2025-02-18T22:54:41","slug":"este-sabado-se-elige-al-nuevo-presidente-del-mrd-en-veracruz","status":"publish","type":"post","link":"http:\/\/vocesver.com\/noticias\/este-sabado-se-elige-al-nuevo-presidente-del-mrd-en-veracruz\/","title":{"rendered":"Este s\u00e1bado se elige al  nuevo presidente del MRD en Veracruz."},"content":{"rendered":"\n<p>La asamblea est\u00e1 programada para las 12 del d\u00eda.<br>Ser\u00e1 en auditorio de la Universidad de las Naciones<br><br>Ausencio Rivera\/Vocesver.com\/noticias<br>Veracruz, Ver.. A 17 de Febrero 2025..<br>Ser\u00e1 este s\u00e1bado a las doce del d\u00eda cuando se lleve a cabo la asamblea para elegir al nuevo presidente del Movimiento Renovador Democratico(MRD) quien fundara en Veracruz el reci\u00e9n fallecido luchador social Marco Antonio Moncayo Parra.<br>Lo anterior lo dio a conocer el virtual presidente de este organismo social Cuauht\u00e9moc Osorio y quien fuera el brazo derecho del finado.<br>La reuni\u00f3n se llevar\u00e1 a cabo en uno de los auditorios de la Universidad de las Naciones de este Puerto y en donde se tiene programada la Participacion de 30 miembros fundadores del MRD en \u00e9sta asamblea.<br>El entrevistado se\u00f1al\u00f3 que a dicha asamblea se ha invitado a la Diputada Local de Morena y a la Diputada Federal Rosa Mar\u00eda Hern\u00e1ndez Espejo.<br>Al t\u00e9rmino de la asamblea se afiliara a todo aquel joven o persona que est\u00e9 interesado en participar en movimiento en defensa de los intereses del pueblo.<br><br><br><br><br><br><br><br><br><br><br><br><br><br><br><br><br><br><br><br><br><br><br><br><br><br><br><br><br><br><\/p>\n","protected":false},"excerpt":{"rendered":"<p>La asamblea est\u00e1 programada para las 12 del d\u00eda.Ser\u00e1 en auditorio de la Universidad de las Naciones Ausencio Rivera\/Vocesver.com\/noticiasVeracruz, Ver..<\/p>\n","protected":false},"author":2,"featured_media":45435,"comment_status":"open","ping_status":"open","sticky":false,"template":"","format":"standard","meta":{"colormag_page_container_layout":"default_layout","colormag_page_sidebar_layout":"default_layout","footnotes":""},"categories":[2],"tags":[],"class_list":["post-45427","post","type-post","status-publish","format-standard","has-post-thumbnail","hentry","category-infogral"],"_links":{"self":[{"href":"http:\/\/vocesver.com\/noticias\/wp-json\/wp\/v2\/posts\/45427","targetHints":{"allow":["GET"]}}],"collection":[{"href":"http:\/\/vocesver.com\/noticias\/wp-json\/wp\/v2\/posts"}],"about":[{"href":"http:\/\/vocesver.com\/noticias\/wp-json\/wp\/v2\/types\/post"}],"author":[{"embeddable":true,"href":"http:\/\/vocesver.com\/noticias\/wp-json\/wp\/v2\/users\/2"}],"replies":[{"embeddable":true,"href":"http:\/\/vocesver.com\/noticias\/wp-json\/wp\/v2\/comments?post=45427"}],"version-history":[{"count":3,"href":"http:\/\/vocesver.com\/noticias\/wp-json\/wp\/v2\/posts\/45427\/revisions"}],"predecessor-version":[{"id":45434,"href":"http:\/\/vocesver.com\/noticias\/wp-json\/wp\/v2\/posts\/45427\/revisions\/45434"}],"wp:featuredmedia":[{"embeddable":true,"href":"http:\/\/vocesver.com\/noticias\/wp-json\/wp\/v2\/media\/45435"}],"wp:attachment":[{"href":"http:\/\/vocesver.com\/noticias\/wp-json\/wp\/v2\/media?parent=45427"}],"wp:term":[{"taxonomy":"category","embeddable":true,"href":"http:\/\/vocesver.com\/noticias\/wp-json\/wp\/v2\/categories?post=45427"},{"taxonomy":"post_tag","embeddable":true,"href":"http:\/\/vocesver.com\/noticias\/wp-json\/wp\/v2\/tags?post=45427"}],"curies":[{"name":"wp","href":"https:\/\/api.w.org\/{rel}","templated":true}]}}