{"id":45422,"date":"2025-02-17T20:40:50","date_gmt":"2025-02-17T20:40:50","guid":{"rendered":"http:\/\/vocesver.com\/noticias\/?p=45422"},"modified":"2025-02-17T20:43:38","modified_gmt":"2025-02-17T20:43:38","slug":"exitosa-y-productiva-gira-de-sheinbaum-aprueba-obras-estrategicas-para-veracruz-rocio-nahle","status":"publish","type":"post","link":"http:\/\/vocesver.com\/noticias\/exitosa-y-productiva-gira-de-sheinbaum-aprueba-obras-estrategicas-para-veracruz-rocio-nahle\/","title":{"rendered":"Exitosa y productiva gira de Sheinbaum, aprueba obras estrat\u00e9gicas para Veracruz: Roc\u00edo Nahle"},"content":{"rendered":"\n<p>>El puente Boca del R\u00edo- Alvarado comenzar\u00e1 en 2026.<br>>Respald\u00f3 proyectos, inversiones, puentes y carreteras.<br>>Habr\u00e1 beneficios para pescadores y en salud.<br><br>Ausencio Rivera\/Vocesver. com\/noticias<br>Xalapa, Ver., lunes 17 de febrero de 2025.- La reciente gira de trabajo de la presidenta<br>Claudia Sheinbaum Pardo por Veracruz dej\u00f3 importantes avances en materia de<br>infraestructura, desarrollo social y econ\u00f3mico, destac\u00f3 la gobernadora Roc\u00edo Nahle<br>Garc\u00eda en entrevista con Quatro Media Comunicaciones.<br>\u201cHay que agradecer la generosidad de la Presidenta y su cari\u00f1o para el pueblo<br>veracruzano. Fueron tres d\u00edas de una gira muy intensa, pero muy productiva. Vino a<br>anunciar los programas sociales, la Cl\u00ednica es nuestra, las tarjetas para las mujeres de<br>60 a 64 a\u00f1os\u201d.<br>Entre los principales logros de esta visita destac\u00f3 la aprobaci\u00f3n para la construcci\u00f3n<br>del nuevo puente de Coatzacoalcos I y el de Boca del R\u00edo que unir\u00e1 la riviera<br>veracruzana con esta conurbaci\u00f3n, cuya ejecuci\u00f3n iniciar\u00e1 en 2026; la modernizaci\u00f3n<br>del libramiento Orizaba-C\u00f3rdoba y la rehabilitaci\u00f3n de carreteras.<br>\u201cTengo un proyecto muy ambicioso del Tren del Golfo, entonces tambi\u00e9n sobre eso<br>estuvimos hablando, tambi\u00e9n proyectos del campo de ganader\u00eda, todas las carreteras,<br>sirvi\u00f3 mucho porque pues ve c\u00f3mo est\u00e1n las carreteras\u201d, expuso.Fue acordada la visita del comisionado de CONAPESCA, Alejandro Flores Nava, el<br>pr\u00f3ximo viernes 21 de febrero para atender las inquietudes del sector y avanzar en la<br>instalaci\u00f3n de una sede en Alvarado, lo que facilitar\u00e1 los tr\u00e1mites y apoyos a los<br>pescadores del Golfo de M\u00e9xico.<br>En el rubro de salud, se anunci\u00f3 la reactivaci\u00f3n del hospital de Misantla, una obra<br>abandonada desde 2010 y tras la visita de Alejandro Svarch, director del IMSS-<br>Bienestar, se analizar\u00e1 la viabilidad del mismo para su conclusi\u00f3n.<br>Finalmente, se\u00f1al\u00f3 que este lunes, como parte de su agenda, se reunir\u00e1 con la<br>Secretar\u00eda de Hacienda para gestionar recursos presupuestales destinados a Veracruz.<br>Tras su regreso, tiene programada una cena en Boca del R\u00edo con empresarios de<br>M\u00e9xico y Estados Unidos para fortalecer la inversi\u00f3n y el crecimiento econ\u00f3mico en<br>la entidad.<br><br><br><br><br><br><br><br><br><br><br><br><br><br><br><br><br><br><br><br><br><br><br><br><\/p>\n","protected":false},"excerpt":{"rendered":"<p>>El puente Boca del R\u00edo- Alvarado comenzar\u00e1 en 2026.>Respald\u00f3 proyectos, inversiones, puentes y carreteras.>Habr\u00e1 beneficios para pescadores y en salud.<\/p>\n","protected":false},"author":2,"featured_media":45429,"comment_status":"open","ping_status":"open","sticky":false,"template":"","format":"standard","meta":{"colormag_page_container_layout":"default_layout","colormag_page_sidebar_layout":"default_layout","footnotes":""},"categories":[2],"tags":[],"class_list":["post-45422","post","type-post","status-publish","format-standard","has-post-thumbnail","hentry","category-infogral"],"_links":{"self":[{"href":"http:\/\/vocesver.com\/noticias\/wp-json\/wp\/v2\/posts\/45422","targetHints":{"allow":["GET"]}}],"collection":[{"href":"http:\/\/vocesver.com\/noticias\/wp-json\/wp\/v2\/posts"}],"about":[{"href":"http:\/\/vocesver.com\/noticias\/wp-json\/wp\/v2\/types\/post"}],"author":[{"embeddable":true,"href":"http:\/\/vocesver.com\/noticias\/wp-json\/wp\/v2\/users\/2"}],"replies":[{"embeddable":true,"href":"http:\/\/vocesver.com\/noticias\/wp-json\/wp\/v2\/comments?post=45422"}],"version-history":[{"count":2,"href":"http:\/\/vocesver.com\/noticias\/wp-json\/wp\/v2\/posts\/45422\/revisions"}],"predecessor-version":[{"id":45428,"href":"http:\/\/vocesver.com\/noticias\/wp-json\/wp\/v2\/posts\/45422\/revisions\/45428"}],"wp:featuredmedia":[{"embeddable":true,"href":"http:\/\/vocesver.com\/noticias\/wp-json\/wp\/v2\/media\/45429"}],"wp:attachment":[{"href":"http:\/\/vocesver.com\/noticias\/wp-json\/wp\/v2\/media?parent=45422"}],"wp:term":[{"taxonomy":"category","embeddable":true,"href":"http:\/\/vocesver.com\/noticias\/wp-json\/wp\/v2\/categories?post=45422"},{"taxonomy":"post_tag","embeddable":true,"href":"http:\/\/vocesver.com\/noticias\/wp-json\/wp\/v2\/tags?post=45422"}],"curies":[{"name":"wp","href":"https:\/\/api.w.org\/{rel}","templated":true}]}}