{"id":45413,"date":"2025-02-14T22:04:27","date_gmt":"2025-02-14T22:04:27","guid":{"rendered":"http:\/\/vocesver.com\/noticias\/?p=45413"},"modified":"2025-02-14T22:07:17","modified_gmt":"2025-02-14T22:07:17","slug":"presidenta-claudia-sheinbaum-impulsara-la-llegada-de-cruceros-a-veracruz","status":"publish","type":"post","link":"http:\/\/vocesver.com\/noticias\/presidenta-claudia-sheinbaum-impulsara-la-llegada-de-cruceros-a-veracruz\/","title":{"rendered":"Presidenta Claudia Sheinbaum impulsar\u00e1 la llegada de cruceros a Veracruz"},"content":{"rendered":"\n<p>>Eval\u00faa propuesta de la Gobernadora sobre el Tren del Golfo.<br><br>Ausencio Rivera\/Vocesver. com\/noticias<br>Xalapa, Ver., viernes 14 de febrero de 2025.- La presidenta de M\u00e9xico, Claudia<br>Sheinbaum Pardo, destac\u00f3 en La Ma\u00f1anera del Pueblo su gira por Veracruz, donde<br>abordar\u00e1 temas de inversi\u00f3n y revisar\u00e1 proyectos estrat\u00e9gicos de infraestructura, como<br>la modernizaci\u00f3n de carreteras y la planta de fertilizantes en Poza Rica.<br>Visitar\u00e1 las obras de la ampliaci\u00f3n del puerto de Veracruz, donde se presentar\u00e1n las<br>inversiones programadas para fortalecer la infraestructura portuaria y reactivar la<br>llegada de cruceros tur\u00edsticos, una estrategia clave para dinamizar la econom\u00eda local.<br>En cuanto al Tren del Golfo, un proyecto impulsado por la Gobernadora, Sheinbaum<br>reconoci\u00f3 su relevancia, aunque se\u00f1al\u00f3 que su administraci\u00f3n ya no tendr\u00eda tiempo<br>para concretarlo, \u00abes una idea que Roc\u00edo ha promovido con entusiasmo. Nosotros<br>hemos dado prioridad a proyectos en marcha, mejorando la conectividad ferroviaria<br>en rutas clave como M\u00e9xico-Veracruz y Puebla-Veracruz. Sin embargo, su propuesta<br>sigue en evaluaci\u00f3n para determinar su viabilidad\u00bb, explic\u00f3.<br>Asimismo, la Presidenta indic\u00f3 que se analizan otras opciones para fortalecer la<br>conectividad en la regi\u00f3n, como la modernizaci\u00f3n de la infraestructura carretera en el<br>Golfo de M\u00e9xico, especialmente en tramos con alta densidad de tr\u00e1fico.<br>\u00abRoc\u00edo apuesta por un tren, pero tambi\u00e9n exploramos alternativas viales para mejorar<br>la conexi\u00f3n desde Yucat\u00e1n hasta Nuevo Laredo\u00bb, agreg\u00f3.La agenda de la Presidenta de M\u00e9xico incluye visitas a los municipios de Emiliano<br>Zapata, Guti\u00e9rrez Zamora y Tihuatl\u00e1n, donde encabezar\u00e1 la entrega de programas<br>para el Bienestar.<br><br><br><br><br><br><br><br><br><br><br><br><br><br><br><br><br><br><br><br><br><br><br><br><\/p>\n","protected":false},"excerpt":{"rendered":"<p>>Eval\u00faa propuesta de la Gobernadora sobre el Tren del Golfo. Ausencio Rivera\/Vocesver. com\/noticiasXalapa, Ver., viernes 14 de febrero de 2025.-<\/p>\n","protected":false},"author":2,"featured_media":45420,"comment_status":"open","ping_status":"open","sticky":false,"template":"","format":"standard","meta":{"colormag_page_container_layout":"default_layout","colormag_page_sidebar_layout":"default_layout","footnotes":""},"categories":[2],"tags":[],"class_list":["post-45413","post","type-post","status-publish","format-standard","has-post-thumbnail","hentry","category-infogral"],"_links":{"self":[{"href":"http:\/\/vocesver.com\/noticias\/wp-json\/wp\/v2\/posts\/45413","targetHints":{"allow":["GET"]}}],"collection":[{"href":"http:\/\/vocesver.com\/noticias\/wp-json\/wp\/v2\/posts"}],"about":[{"href":"http:\/\/vocesver.com\/noticias\/wp-json\/wp\/v2\/types\/post"}],"author":[{"embeddable":true,"href":"http:\/\/vocesver.com\/noticias\/wp-json\/wp\/v2\/users\/2"}],"replies":[{"embeddable":true,"href":"http:\/\/vocesver.com\/noticias\/wp-json\/wp\/v2\/comments?post=45413"}],"version-history":[{"count":2,"href":"http:\/\/vocesver.com\/noticias\/wp-json\/wp\/v2\/posts\/45413\/revisions"}],"predecessor-version":[{"id":45419,"href":"http:\/\/vocesver.com\/noticias\/wp-json\/wp\/v2\/posts\/45413\/revisions\/45419"}],"wp:featuredmedia":[{"embeddable":true,"href":"http:\/\/vocesver.com\/noticias\/wp-json\/wp\/v2\/media\/45420"}],"wp:attachment":[{"href":"http:\/\/vocesver.com\/noticias\/wp-json\/wp\/v2\/media?parent=45413"}],"wp:term":[{"taxonomy":"category","embeddable":true,"href":"http:\/\/vocesver.com\/noticias\/wp-json\/wp\/v2\/categories?post=45413"},{"taxonomy":"post_tag","embeddable":true,"href":"http:\/\/vocesver.com\/noticias\/wp-json\/wp\/v2\/tags?post=45413"}],"curies":[{"name":"wp","href":"https:\/\/api.w.org\/{rel}","templated":true}]}}