{"id":45410,"date":"2025-02-14T21:59:51","date_gmt":"2025-02-14T21:59:51","guid":{"rendered":"http:\/\/vocesver.com\/noticias\/?p=45410"},"modified":"2025-02-14T22:00:54","modified_gmt":"2025-02-14T22:00:54","slug":"gira-de-trabajo-en-veracruz-presidenta-y-gobernadora-revisaran-proyectos-clave","status":"publish","type":"post","link":"http:\/\/vocesver.com\/noticias\/gira-de-trabajo-en-veracruz-presidenta-y-gobernadora-revisaran-proyectos-clave\/","title":{"rendered":"Gira de trabajo en Veracruz: Presidenta y Gobernadora revisar\u00e1n proyectos clave"},"content":{"rendered":"<br \/>>Hay excelente comunicaci\u00f3n para concretarlos en beneficio del estado.<br \/><br \/>Ausencio Rivera\/Vocesver. com\/noticias<br \/>Veracruz, Ver., viernes 14 de febrero de 2025.- Durante la visita oficial de la presidenta<br \/>de M\u00e9xico, Claudia Sheinbaum Pardo, se revisar\u00e1n proyectos de infraestructura y<br \/>bienestar, inform\u00f3 en entrevista a medios la gobernadora Roc\u00edo Nahle Garc\u00eda.<br \/>Ambas mandatarias acudir\u00e1n a las instalaciones de la Administraci\u00f3n del Sistema Portuario<br \/>Nacional (ASIPONA) en el puerto de Veracruz para supervisar los avances en su<br \/>ampliaci\u00f3n y modernizaci\u00f3n, consider\u00e1ndose el m\u00e1s importante del Golfo de M\u00e9xico.<br \/>\u00abLa Presidenta quiere constatar de primera mano el crecimiento y las inversiones en esta<br \/>infraestructura clave para el desarrollo del pa\u00eds\u00bb, declar\u00f3 previ\u00f3 al arrib\u00f3 de la Presidenta.<br \/>Posteriormente, participar\u00e1n en la entrega de programas federales para el Bienestar: en La<br \/>Antigua, se llevar\u00e1 a cabo un encuentro con beneficiarios de la Beca Universal de<br \/>Educaci\u00f3n B\u00e1sica Rita Cetina; mientras que en Emiliano Zapata la entrega de tarjetas de<br \/>la Pensi\u00f3n Mujeres Bienestar.<br \/>En el marco de esta visita, la gobernadora Roc\u00edo Nahle expuso que hay plena coordinaci\u00f3n<br \/>adem\u00e1s que seguir\u00e1 presentado opciones viables de infraestructura y comunicaciones<br \/>\u201cnuestra obligaci\u00f3n es mostrarlas para que ella valore su viabilidad dentro del esquema de<br \/>disciplina financiera del pa\u00eds\u00bb, puntualiz\u00f3.<br \/><br \/><br \/><br \/><br \/><br \/><br \/><br \/><br \/><br \/><br \/><br \/><br \/><br \/><br \/><br \/><br \/><br \/><br \/><br \/><br \/>","protected":false},"excerpt":{"rendered":"<p>>Hay excelente comunicaci\u00f3n para concretarlos en beneficio del estado. Ausencio Rivera\/Vocesver. com\/noticiasVeracruz, Ver., viernes 14 de febrero de 2025.- Durante<\/p>\n","protected":false},"author":2,"featured_media":45414,"comment_status":"open","ping_status":"open","sticky":false,"template":"","format":"standard","meta":{"colormag_page_container_layout":"default_layout","colormag_page_sidebar_layout":"default_layout","footnotes":""},"categories":[2],"tags":[],"class_list":["post-45410","post","type-post","status-publish","format-standard","has-post-thumbnail","hentry","category-infogral"],"_links":{"self":[{"href":"http:\/\/vocesver.com\/noticias\/wp-json\/wp\/v2\/posts\/45410","targetHints":{"allow":["GET"]}}],"collection":[{"href":"http:\/\/vocesver.com\/noticias\/wp-json\/wp\/v2\/posts"}],"about":[{"href":"http:\/\/vocesver.com\/noticias\/wp-json\/wp\/v2\/types\/post"}],"author":[{"embeddable":true,"href":"http:\/\/vocesver.com\/noticias\/wp-json\/wp\/v2\/users\/2"}],"replies":[{"embeddable":true,"href":"http:\/\/vocesver.com\/noticias\/wp-json\/wp\/v2\/comments?post=45410"}],"version-history":[{"count":1,"href":"http:\/\/vocesver.com\/noticias\/wp-json\/wp\/v2\/posts\/45410\/revisions"}],"predecessor-version":[{"id":45412,"href":"http:\/\/vocesver.com\/noticias\/wp-json\/wp\/v2\/posts\/45410\/revisions\/45412"}],"wp:featuredmedia":[{"embeddable":true,"href":"http:\/\/vocesver.com\/noticias\/wp-json\/wp\/v2\/media\/45414"}],"wp:attachment":[{"href":"http:\/\/vocesver.com\/noticias\/wp-json\/wp\/v2\/media?parent=45410"}],"wp:term":[{"taxonomy":"category","embeddable":true,"href":"http:\/\/vocesver.com\/noticias\/wp-json\/wp\/v2\/categories?post=45410"},{"taxonomy":"post_tag","embeddable":true,"href":"http:\/\/vocesver.com\/noticias\/wp-json\/wp\/v2\/tags?post=45410"}],"curies":[{"name":"wp","href":"https:\/\/api.w.org\/{rel}","templated":true}]}}