{"id":45406,"date":"2025-02-14T21:54:07","date_gmt":"2025-02-14T21:54:07","guid":{"rendered":"http:\/\/vocesver.com\/noticias\/?p=45406"},"modified":"2025-02-14T21:55:14","modified_gmt":"2025-02-14T21:55:14","slug":"llega-claudia-sheinbaum-a-veracruz-para-iniciar-gira-de-trabajo-por-la-entidad","status":"publish","type":"post","link":"http:\/\/vocesver.com\/noticias\/llega-claudia-sheinbaum-a-veracruz-para-iniciar-gira-de-trabajo-por-la-entidad\/","title":{"rendered":"Llega Claudia Sheinbaum a Veracruz para iniciar gira de trabajo por la entidad."},"content":{"rendered":"<br \/><br \/>Ausencio Rivera \/Vocesver<br \/>. com\/noticias<br \/><br \/>Veracruz, Ver., viernes 14 de febrero de 2025.- La gobernadora de Veracruz, Roc\u00edo<br \/>Nahle Garc\u00eda, recibi\u00f3 en el Aeropuerto Internacional Heriberto Jara Corona a la presidenta<br \/>de M\u00e9xico, Claudia Sheinbaum Pardo, quien inici\u00f3 una gira de trabajo de tres d\u00edas por<br \/>distintos municipios de la zona centro y norte del estado.<br \/><br \/><br \/><br \/><br \/><br \/><br \/><br \/><br \/><br \/><br \/><br \/><br \/><br \/><br \/><br \/><br \/><br \/><br \/><br \/><br \/><br \/><br \/><br \/><br \/><br \/><br \/><br \/><br \/><br \/><br \/><br \/><br \/><br \/><br \/><br \/><br \/><br \/><br \/><br \/><br \/><br \/><br \/><br \/><br \/><br \/><br \/><br \/><br \/><br \/><br \/><br \/><br \/><br \/><br \/><br \/><br \/><br \/><br \/><br \/><br \/><br \/><br \/><br \/><br \/><br \/><br \/><br \/><br \/>","protected":false},"excerpt":{"rendered":"<p>Ausencio Rivera \/Vocesver. com\/noticias Veracruz, Ver., viernes 14 de febrero de 2025.- La gobernadora de Veracruz, Roc\u00edoNahle Garc\u00eda, recibi\u00f3 en<\/p>\n","protected":false},"author":2,"featured_media":45411,"comment_status":"open","ping_status":"open","sticky":false,"template":"","format":"standard","meta":{"colormag_page_container_layout":"default_layout","colormag_page_sidebar_layout":"default_layout","footnotes":""},"categories":[2],"tags":[],"class_list":["post-45406","post","type-post","status-publish","format-standard","has-post-thumbnail","hentry","category-infogral"],"_links":{"self":[{"href":"http:\/\/vocesver.com\/noticias\/wp-json\/wp\/v2\/posts\/45406","targetHints":{"allow":["GET"]}}],"collection":[{"href":"http:\/\/vocesver.com\/noticias\/wp-json\/wp\/v2\/posts"}],"about":[{"href":"http:\/\/vocesver.com\/noticias\/wp-json\/wp\/v2\/types\/post"}],"author":[{"embeddable":true,"href":"http:\/\/vocesver.com\/noticias\/wp-json\/wp\/v2\/users\/2"}],"replies":[{"embeddable":true,"href":"http:\/\/vocesver.com\/noticias\/wp-json\/wp\/v2\/comments?post=45406"}],"version-history":[{"count":1,"href":"http:\/\/vocesver.com\/noticias\/wp-json\/wp\/v2\/posts\/45406\/revisions"}],"predecessor-version":[{"id":45409,"href":"http:\/\/vocesver.com\/noticias\/wp-json\/wp\/v2\/posts\/45406\/revisions\/45409"}],"wp:featuredmedia":[{"embeddable":true,"href":"http:\/\/vocesver.com\/noticias\/wp-json\/wp\/v2\/media\/45411"}],"wp:attachment":[{"href":"http:\/\/vocesver.com\/noticias\/wp-json\/wp\/v2\/media?parent=45406"}],"wp:term":[{"taxonomy":"category","embeddable":true,"href":"http:\/\/vocesver.com\/noticias\/wp-json\/wp\/v2\/categories?post=45406"},{"taxonomy":"post_tag","embeddable":true,"href":"http:\/\/vocesver.com\/noticias\/wp-json\/wp\/v2\/tags?post=45406"}],"curies":[{"name":"wp","href":"https:\/\/api.w.org\/{rel}","templated":true}]}}