{"id":45401,"date":"2025-02-13T22:43:59","date_gmt":"2025-02-13T22:43:59","guid":{"rendered":"http:\/\/vocesver.com\/noticias\/?p=45401"},"modified":"2025-02-13T22:45:57","modified_gmt":"2025-02-13T22:45:57","slug":"productos-veracruzanos-a-la-vuelta-de-tu-vida","status":"publish","type":"post","link":"http:\/\/vocesver.com\/noticias\/productos-veracruzanos-a-la-vuelta-de-tu-vida\/","title":{"rendered":"Productos veracruzanos, a la vuelta de tu vida."},"content":{"rendered":"\n<p>>SEDECOP y OXXO renuevan el convenio Hecho en Veracruz<br>>Fortalecen la identidad comercial y fomentan la competitividad del mercado.<br><br>Ausencio Rivera\/Vocesver. com\/noticias<br>Veracruz, Ver., jueves 13 de febrero de 2025.- La Secretar\u00eda de Desarrollo<br>Econ\u00f3mico y Portuario y la cadena comercial OXXO renovaron el convenio de<br>colaboraci\u00f3n Hecho en Veracruz, con el prop\u00f3sito de ampliar las oportunidades<br>de comercializaci\u00f3n para los productores locales y fortalecer la econom\u00eda estatal.<br>Como parte de los compromisos del Programa Veracruzano de los 100 d\u00edas en<br>materia de vinculaci\u00f3n comercial, este acuerdo permitir\u00e1 que un mayor n\u00famero<br>de emprendedores y empresarios coloquen sus productos en la red de tiendas<br>OXXO a nivel estatal.<br>Adem\u00e1s, se anunci\u00f3 la expansi\u00f3n de la cobertura log\u00edstica con la apertura de<br>nuevos Centros de Distribuci\u00f3n, lo que garantizar\u00e1 una mejor distribuci\u00f3n y<br>disponibilidad de los productos con la marca certificada veracruzana.<br>El titular de SEDECOP, Ernesto P\u00e9rez Astorga, destac\u00f3 la relevancia de esta<br>alianza para el desarrollo de los productores veracruzano, \u201ces fundamental<br>impulsar el talento y la calidad de los productos locales, brind\u00e1ndoles acceso a<br>espacios comerciales estrat\u00e9gicos\u201d.<br>Por su parte, el gerente de la Regi\u00f3n Veracruz, Jos\u00e9 Ram\u00f3n Arjona Reyes, subray\u00f3<br>el compromiso de la empresa con el desarrollo econ\u00f3mico del estado, \u201ccon estaalianza, reafirmamos nuestro compromiso de impulsar el talento local y llevar lo<br>hecho en Veracruz a m\u00e1s consumidores a trav\u00e9s de nuestra red de tiendas.<br><br><br><br><br><br><br><br><br><br><br><br><br><br><br><br><br><br><br><br><br><br><br><br><\/p>\n","protected":false},"excerpt":{"rendered":"<p>>SEDECOP y OXXO renuevan el convenio Hecho en Veracruz>Fortalecen la identidad comercial y fomentan la competitividad del mercado. Ausencio Rivera\/Vocesver.<\/p>\n","protected":false},"author":2,"featured_media":45408,"comment_status":"open","ping_status":"open","sticky":false,"template":"","format":"standard","meta":{"colormag_page_container_layout":"default_layout","colormag_page_sidebar_layout":"default_layout","footnotes":""},"categories":[2],"tags":[],"class_list":["post-45401","post","type-post","status-publish","format-standard","has-post-thumbnail","hentry","category-infogral"],"_links":{"self":[{"href":"http:\/\/vocesver.com\/noticias\/wp-json\/wp\/v2\/posts\/45401","targetHints":{"allow":["GET"]}}],"collection":[{"href":"http:\/\/vocesver.com\/noticias\/wp-json\/wp\/v2\/posts"}],"about":[{"href":"http:\/\/vocesver.com\/noticias\/wp-json\/wp\/v2\/types\/post"}],"author":[{"embeddable":true,"href":"http:\/\/vocesver.com\/noticias\/wp-json\/wp\/v2\/users\/2"}],"replies":[{"embeddable":true,"href":"http:\/\/vocesver.com\/noticias\/wp-json\/wp\/v2\/comments?post=45401"}],"version-history":[{"count":2,"href":"http:\/\/vocesver.com\/noticias\/wp-json\/wp\/v2\/posts\/45401\/revisions"}],"predecessor-version":[{"id":45407,"href":"http:\/\/vocesver.com\/noticias\/wp-json\/wp\/v2\/posts\/45401\/revisions\/45407"}],"wp:featuredmedia":[{"embeddable":true,"href":"http:\/\/vocesver.com\/noticias\/wp-json\/wp\/v2\/media\/45408"}],"wp:attachment":[{"href":"http:\/\/vocesver.com\/noticias\/wp-json\/wp\/v2\/media?parent=45401"}],"wp:term":[{"taxonomy":"category","embeddable":true,"href":"http:\/\/vocesver.com\/noticias\/wp-json\/wp\/v2\/categories?post=45401"},{"taxonomy":"post_tag","embeddable":true,"href":"http:\/\/vocesver.com\/noticias\/wp-json\/wp\/v2\/tags?post=45401"}],"curies":[{"name":"wp","href":"https:\/\/api.w.org\/{rel}","templated":true}]}}