{"id":45374,"date":"2025-02-12T21:35:14","date_gmt":"2025-02-12T21:35:14","guid":{"rendered":"http:\/\/vocesver.com\/noticias\/?p=45374"},"modified":"2025-02-12T21:37:26","modified_gmt":"2025-02-12T21:37:26","slug":"reconoce-salud-a-odontologos-veracruzanos-por-decadas-de-servicio","status":"publish","type":"post","link":"http:\/\/vocesver.com\/noticias\/reconoce-salud-a-odontologos-veracruzanos-por-decadas-de-servicio\/","title":{"rendered":"Reconoce Salud a odont\u00f3logos veracruzanos por d\u00e9cadas de servicio"},"content":{"rendered":"\n<p>>M\u00e1s de 2 mil 400 m\u00e9dicos recibieron capacitaci\u00f3n en el primer foro estatal.<br>>Especialistas de las 11 jurisdicciones fueron homenajeados por su trayectoria.<br><br><br>Xalapa, Ver., mi\u00e9rcoles 11 de febrero de 2025.- En el marco del D\u00eda Mundial del<br>Odont\u00f3logo, la Secretar\u00eda de Salud llev\u00f3 a cabo el Primer Congreso Estatal de<br>Odontolog\u00eda los d\u00edas 10 y 11 de febrero, donde se entregaron reconocimientos a<br>especialistas de entre 17 y 52 a\u00f1os de servicio en unidades m\u00e9dicas.<br>M\u00e1s de 400 profesionales participaron de manera presencial, mientras que otros 2<br>mil lo hicieron a trav\u00e9s de plataformas digitales.<br>Durante el Congreso, abordaron temas como la enfermedad periodontal, t\u00f3picos en<br>odontopediatr\u00eda, tendencias en restauraciones, preservaci\u00f3n alveolar y la relaci\u00f3n<br>entre salud bucal y bienestar general, adem\u00e1s de la conferencia Complicaciones en<br>cirug\u00eda maxilofacial.<br>\u201cEs la primera entrega de reconocimientos en una d\u00e9cada, con ella, la administraci\u00f3n<br>de la gobernadora Roc\u00edo Nahle Garc\u00eda destaca su labor diaria en la atenci\u00f3n de calidad<br>a miles de personas\u201d, manifest\u00f3 el director de Atenci\u00f3n M\u00e9dica de la Secretar\u00eda de<br>Salud, Jos\u00e9 Salvador Aburto Morales.<br>Por su parte, la directora de Salud P\u00fablica, Mar\u00eda Luisa S\u00e1nchez Murrieta, resalt\u00f3 que<br>la odontolog\u00eda no solo se enfoca en tratar enfermedades dentales, sino que tambi\u00e9ndesempe\u00f1a un papel clave en la prevenci\u00f3n y educaci\u00f3n para mejorar la calidad de<br>vida de la poblaci\u00f3n.<br>El Gobierno del Estado reconoce el esfuerzo constante de estos profesionales por<br>mantenerse actualizados y por su contribuci\u00f3n a la promoci\u00f3n de h\u00e1bitos saludables<br>en la sociedad.<br><br><br><br><br><br><br><br><br><br><br><br><br><br><br><br><br><br><br><br><br><br><br><br><br><br><\/p>\n","protected":false},"excerpt":{"rendered":"<p>>M\u00e1s de 2 mil 400 m\u00e9dicos recibieron capacitaci\u00f3n en el primer foro estatal.>Especialistas de las 11 jurisdicciones fueron homenajeados por<\/p>\n","protected":false},"author":2,"featured_media":45380,"comment_status":"open","ping_status":"open","sticky":false,"template":"","format":"standard","meta":{"colormag_page_container_layout":"default_layout","colormag_page_sidebar_layout":"default_layout","footnotes":""},"categories":[2],"tags":[],"class_list":["post-45374","post","type-post","status-publish","format-standard","has-post-thumbnail","hentry","category-infogral"],"_links":{"self":[{"href":"http:\/\/vocesver.com\/noticias\/wp-json\/wp\/v2\/posts\/45374","targetHints":{"allow":["GET"]}}],"collection":[{"href":"http:\/\/vocesver.com\/noticias\/wp-json\/wp\/v2\/posts"}],"about":[{"href":"http:\/\/vocesver.com\/noticias\/wp-json\/wp\/v2\/types\/post"}],"author":[{"embeddable":true,"href":"http:\/\/vocesver.com\/noticias\/wp-json\/wp\/v2\/users\/2"}],"replies":[{"embeddable":true,"href":"http:\/\/vocesver.com\/noticias\/wp-json\/wp\/v2\/comments?post=45374"}],"version-history":[{"count":2,"href":"http:\/\/vocesver.com\/noticias\/wp-json\/wp\/v2\/posts\/45374\/revisions"}],"predecessor-version":[{"id":45379,"href":"http:\/\/vocesver.com\/noticias\/wp-json\/wp\/v2\/posts\/45374\/revisions\/45379"}],"wp:featuredmedia":[{"embeddable":true,"href":"http:\/\/vocesver.com\/noticias\/wp-json\/wp\/v2\/media\/45380"}],"wp:attachment":[{"href":"http:\/\/vocesver.com\/noticias\/wp-json\/wp\/v2\/media?parent=45374"}],"wp:term":[{"taxonomy":"category","embeddable":true,"href":"http:\/\/vocesver.com\/noticias\/wp-json\/wp\/v2\/categories?post=45374"},{"taxonomy":"post_tag","embeddable":true,"href":"http:\/\/vocesver.com\/noticias\/wp-json\/wp\/v2\/tags?post=45374"}],"curies":[{"name":"wp","href":"https:\/\/api.w.org\/{rel}","templated":true}]}}