{"id":45369,"date":"2025-02-11T22:20:32","date_gmt":"2025-02-11T22:20:32","guid":{"rendered":"http:\/\/vocesver.com\/noticias\/?p=45369"},"modified":"2025-02-11T22:23:21","modified_gmt":"2025-02-11T22:23:21","slug":"perforaran-nuevo-pozo-en-ixhuatlan-del-sureste-para-mejorar-el-suministro-de-agua","status":"publish","type":"post","link":"http:\/\/vocesver.com\/noticias\/perforaran-nuevo-pozo-en-ixhuatlan-del-sureste-para-mejorar-el-suministro-de-agua\/","title":{"rendered":"Perforar\u00e1n nuevo pozo en Ixhuatl\u00e1n del Sureste para mejorar el suministro de agua"},"content":{"rendered":"\n<p>>Ser\u00e1 un pozo gemelo al 4 y se rehabilitar\u00e1 el 2.<br><br>Ixhuatl\u00e1n del Sureste, Ver., martes 11 de febrero de 2025.- Para garantizar el suministro<br>de agua en Ixhuatl\u00e1n del Sureste, la Comisi\u00f3n del Agua del Estado de Veracruz (CAEV)<br>ejecuta un plan de rescate al sistema h\u00eddrico, que contempla tres obras estrat\u00e9gicas basadas<br>en el aprovechamiento de fuentes subterr\u00e1neas.<br>En coordinaci\u00f3n con el Ayuntamiento, han distribuido agua mediante pipas para atender el<br>desabasto; actualmente, el municipio cuenta con tres fuentes de abastecimiento: los pozos<br>2 y 4, con m\u00e1s de 40 a\u00f1os de operaci\u00f3n, y el 5, construido hace un a\u00f1o pero a\u00fan no<br>entregado oficialmente al organismo operador.<br>El personal t\u00e9cnico reporta que este \u00faltimo puede producir hasta 20 litros por segundo,<br>aunque opera a 6 debido a la limitada capacidad de las l\u00edneas de conducci\u00f3n.<br>Por otra parte, la rehabilitaci\u00f3n del Pozo 4 se ha descartado debido a sus condiciones<br>actuales, por lo que se perforar\u00e1 una estructura gemela con un periodo estimado de<br>construcci\u00f3n de dos a tres meses.<br>En paralelo, se trabaja en la reactivaci\u00f3n del Pozo 2 para mantener el suministro mientras<br>se concluyen las obras, con una puesta en marcha programada para el 20 de febrero.<br>Hasta el momento, se han realizado labores de limpieza e inspecci\u00f3n con videoc\u00e1maras,<br>adem\u00e1s del desazolve para optimizar la producci\u00f3n de agua.<br>El director general de la CAEV, Luis Fernando Cervantes Cruz, afirm\u00f3 que se ejecutan<br>todas las acciones necesarias para garantizar el suministro en Ixhuatl\u00e1n del Sureste,<br>reforzando as\u00ed el compromiso de la gobernadora Roc\u00edo Nahle Garc\u00eda de mejorar el<br>abastecimiento en todo Veracruz. <br><br><br><br><br><br><br><br><br><br><br><br><br><br><br><br><br><br><br><br><br><br><br><br><\/p>\n","protected":false},"excerpt":{"rendered":"<p>>Ser\u00e1 un pozo gemelo al 4 y se rehabilitar\u00e1 el 2. Ixhuatl\u00e1n del Sureste, Ver., martes 11 de febrero de<\/p>\n","protected":false},"author":2,"featured_media":45376,"comment_status":"open","ping_status":"open","sticky":false,"template":"","format":"standard","meta":{"colormag_page_container_layout":"default_layout","colormag_page_sidebar_layout":"default_layout","footnotes":""},"categories":[4],"tags":[],"class_list":["post-45369","post","type-post","status-publish","format-standard","has-post-thumbnail","hentry","category-estatal"],"_links":{"self":[{"href":"http:\/\/vocesver.com\/noticias\/wp-json\/wp\/v2\/posts\/45369","targetHints":{"allow":["GET"]}}],"collection":[{"href":"http:\/\/vocesver.com\/noticias\/wp-json\/wp\/v2\/posts"}],"about":[{"href":"http:\/\/vocesver.com\/noticias\/wp-json\/wp\/v2\/types\/post"}],"author":[{"embeddable":true,"href":"http:\/\/vocesver.com\/noticias\/wp-json\/wp\/v2\/users\/2"}],"replies":[{"embeddable":true,"href":"http:\/\/vocesver.com\/noticias\/wp-json\/wp\/v2\/comments?post=45369"}],"version-history":[{"count":2,"href":"http:\/\/vocesver.com\/noticias\/wp-json\/wp\/v2\/posts\/45369\/revisions"}],"predecessor-version":[{"id":45375,"href":"http:\/\/vocesver.com\/noticias\/wp-json\/wp\/v2\/posts\/45369\/revisions\/45375"}],"wp:featuredmedia":[{"embeddable":true,"href":"http:\/\/vocesver.com\/noticias\/wp-json\/wp\/v2\/media\/45376"}],"wp:attachment":[{"href":"http:\/\/vocesver.com\/noticias\/wp-json\/wp\/v2\/media?parent=45369"}],"wp:term":[{"taxonomy":"category","embeddable":true,"href":"http:\/\/vocesver.com\/noticias\/wp-json\/wp\/v2\/categories?post=45369"},{"taxonomy":"post_tag","embeddable":true,"href":"http:\/\/vocesver.com\/noticias\/wp-json\/wp\/v2\/tags?post=45369"}],"curies":[{"name":"wp","href":"https:\/\/api.w.org\/{rel}","templated":true}]}}