{"id":45366,"date":"2025-02-11T22:11:45","date_gmt":"2025-02-11T22:11:45","guid":{"rendered":"http:\/\/vocesver.com\/noticias\/?p=45366"},"modified":"2025-02-11T22:14:18","modified_gmt":"2025-02-11T22:14:18","slug":"presidenta-claudia-sheinbaum-confirma-visita-a-veracruz-y-tuxpan","status":"publish","type":"post","link":"http:\/\/vocesver.com\/noticias\/presidenta-claudia-sheinbaum-confirma-visita-a-veracruz-y-tuxpan\/","title":{"rendered":"Presidenta Claudia Sheinbaum confirma visita a Veracruz y Tuxpan"},"content":{"rendered":"\n<p><br><br>>Sigue en an\u00e1lisis el proyecto para llevar agua de r\u00edo P\u00e1nuco a Tamaulipas.<br><br><br><br>Ciudad de M\u00e9xico, martes 11 de febrero de 2025.\u2013 La presidenta de M\u00e9xico, Claudia.<br>Sheinbaum Pardo, confirm\u00f3 su pr\u00f3xima visita a Veracruz, donde tiene previsto recorrer los<br>municipios de Veracruz y Tuxpan.<br>\u201cTodav\u00eda estamos checando los lugares; muy probablemente vayamos al puerto, a Tuxpan y a<br>otros municipios\u201d, se\u00f1al\u00f3.<br>Durante La Ma\u00f1anera del Pueblo, abord\u00f3 el proyecto de extracci\u00f3n de agua del r\u00edo P\u00e1nuco para<br>garantizar el abastecimiento en Tamaulipas, la zona metropolitana de Monterrey y parte de San<br>Luis Potos\u00ed.<br>Explic\u00f3 que la propuesta sigue en fase de an\u00e1lisis, ya que implica una inversi\u00f3n superior a 100<br>mil millones de pesos y requiere acuerdos entre los estados involucrados.<br>\u201cEl original, esa concesi\u00f3n la tiene Monterrey de esa agua. Entonces, lo primero que hay que<br>hacer es hablar con Nuevo Le\u00f3n para que comparta esa concesi\u00f3n\u201d, mencion\u00f3, enfatizando la<br>necesidad de di\u00e1logo entre las entidades.<br>Asimismo, indic\u00f3 que, antes de tomar cualquier decisi\u00f3n sobre el P\u00e1nuco, este a\u00f1o se realizar\u00e1n<br>inversiones en Tamaulipas para atender el d\u00e9ficit de agua en el estado.<br><br><br><br><br><br><br><br><br><br><br><br><br><br><br><br><br><br><br><br><br><br><br><br><br><br><br><\/p>\n","protected":false},"excerpt":{"rendered":"<p>>Sigue en an\u00e1lisis el proyecto para llevar agua de r\u00edo P\u00e1nuco a Tamaulipas. Ciudad de M\u00e9xico, martes 11 de febrero<\/p>\n","protected":false},"author":2,"featured_media":45372,"comment_status":"open","ping_status":"open","sticky":false,"template":"","format":"standard","meta":{"colormag_page_container_layout":"default_layout","colormag_page_sidebar_layout":"default_layout","footnotes":""},"categories":[2],"tags":[],"class_list":["post-45366","post","type-post","status-publish","format-standard","has-post-thumbnail","hentry","category-infogral"],"_links":{"self":[{"href":"http:\/\/vocesver.com\/noticias\/wp-json\/wp\/v2\/posts\/45366","targetHints":{"allow":["GET"]}}],"collection":[{"href":"http:\/\/vocesver.com\/noticias\/wp-json\/wp\/v2\/posts"}],"about":[{"href":"http:\/\/vocesver.com\/noticias\/wp-json\/wp\/v2\/types\/post"}],"author":[{"embeddable":true,"href":"http:\/\/vocesver.com\/noticias\/wp-json\/wp\/v2\/users\/2"}],"replies":[{"embeddable":true,"href":"http:\/\/vocesver.com\/noticias\/wp-json\/wp\/v2\/comments?post=45366"}],"version-history":[{"count":2,"href":"http:\/\/vocesver.com\/noticias\/wp-json\/wp\/v2\/posts\/45366\/revisions"}],"predecessor-version":[{"id":45370,"href":"http:\/\/vocesver.com\/noticias\/wp-json\/wp\/v2\/posts\/45366\/revisions\/45370"}],"wp:featuredmedia":[{"embeddable":true,"href":"http:\/\/vocesver.com\/noticias\/wp-json\/wp\/v2\/media\/45372"}],"wp:attachment":[{"href":"http:\/\/vocesver.com\/noticias\/wp-json\/wp\/v2\/media?parent=45366"}],"wp:term":[{"taxonomy":"category","embeddable":true,"href":"http:\/\/vocesver.com\/noticias\/wp-json\/wp\/v2\/categories?post=45366"},{"taxonomy":"post_tag","embeddable":true,"href":"http:\/\/vocesver.com\/noticias\/wp-json\/wp\/v2\/tags?post=45366"}],"curies":[{"name":"wp","href":"https:\/\/api.w.org\/{rel}","templated":true}]}}