{"id":45362,"date":"2025-02-07T22:02:34","date_gmt":"2025-02-07T22:02:34","guid":{"rendered":"http:\/\/vocesver.com\/noticias\/?p=45362"},"modified":"2025-02-07T22:05:24","modified_gmt":"2025-02-07T22:05:24","slug":"veracruz-el-puerto-numero-uno-de-mexico-amplia-su-infraestructura","status":"publish","type":"post","link":"http:\/\/vocesver.com\/noticias\/veracruz-el-puerto-numero-uno-de-mexico-amplia-su-infraestructura\/","title":{"rendered":"Veracruz, el puerto n\u00famero uno de M\u00e9xico, ampl\u00eda su infraestructura."},"content":{"rendered":">Atrae inversiones y fortalece su competitividad log\u00edstica.<br \/><br \/>Ausencio Rivera \/Vocesver. com. \/noticias<br \/>Veracruz, Ver., viernes 07 de febrero de 2025.- La gobernadora, Roc\u00edo Nahle<br \/>Garc\u00eda, destac\u00f3 la importancia de la inversi\u00f3n de m\u00e1s de 7 mil millones de pesos<br \/>realizada por el Grupo CICE para el desarrollo del Puerto de Veracruz, con la pr\u00f3xima<br \/>puesta en marcha de su Terminal Semiespecializada de Contenedores y Carga.<br \/>Resalt\u00f3 que esta nueva terminal, la n\u00famero 21, contar\u00e1 con una extensi\u00f3n de 550<br \/>metros de muelle y capacidad de almacenar hasta 500 mil contenedores, con ello,<br \/>Veracruz refuerza su posici\u00f3n como el m\u00e1s importante del pa\u00eds en materia de<br \/>recepci\u00f3n y despacho de carga automotriz, granel y equipos volum\u00e9tricos.<br \/>\u201cSomos el puerto n\u00famero uno del pa\u00eds, l\u00edder en la industria automotriz y en el manejo<br \/>de carga a gran escala, y la nueva terminal nos dar\u00e1 a\u00fan mayor capacidad para recibir<br \/>las grandes inversiones que llegan a M\u00e9xico y al Golfo de M\u00e9xico\u201d, enfatiz\u00f3.<br \/>La inversi\u00f3n del Grupo CICE refleja la confianza del sector empresarial en Veracruz y<br \/>su potencial de crecimiento, en este sentido, Nahle Garc\u00eda asegur\u00f3 que su<br \/>administraci\u00f3n seguir\u00e1 impulsando el desarrollo de infraestructura que permita<br \/>atraer m\u00e1s inversiones.<br \/>\u201cEstamos felices porque Veracruz sigue atrayendo inversiones de gran calado. Nos<br \/>estamos preparando con nuevas terminales y almacenamiento para recibir m\u00e1s carga<br \/>y seguir consolid\u00e1ndonos como un referente nacional e internacional..<br \/><br \/><br \/><br \/><br \/><br \/><br \/><br \/><br \/><br \/><br \/><br \/><br \/><br \/><br \/><br \/><br \/><br \/><br \/><br \/><br \/><br \/><br \/><br \/><br \/>","protected":false},"excerpt":{"rendered":"<p>>Atrae inversiones y fortalece su competitividad log\u00edstica. Ausencio Rivera \/Vocesver. com. \/noticiasVeracruz, Ver., viernes 07 de febrero de 2025.- La<\/p>\n","protected":false},"author":2,"featured_media":45367,"comment_status":"open","ping_status":"open","sticky":false,"template":"","format":"standard","meta":{"colormag_page_container_layout":"default_layout","colormag_page_sidebar_layout":"default_layout","footnotes":""},"categories":[2],"tags":[],"class_list":["post-45362","post","type-post","status-publish","format-standard","has-post-thumbnail","hentry","category-infogral"],"_links":{"self":[{"href":"http:\/\/vocesver.com\/noticias\/wp-json\/wp\/v2\/posts\/45362","targetHints":{"allow":["GET"]}}],"collection":[{"href":"http:\/\/vocesver.com\/noticias\/wp-json\/wp\/v2\/posts"}],"about":[{"href":"http:\/\/vocesver.com\/noticias\/wp-json\/wp\/v2\/types\/post"}],"author":[{"embeddable":true,"href":"http:\/\/vocesver.com\/noticias\/wp-json\/wp\/v2\/users\/2"}],"replies":[{"embeddable":true,"href":"http:\/\/vocesver.com\/noticias\/wp-json\/wp\/v2\/comments?post=45362"}],"version-history":[{"count":1,"href":"http:\/\/vocesver.com\/noticias\/wp-json\/wp\/v2\/posts\/45362\/revisions"}],"predecessor-version":[{"id":45365,"href":"http:\/\/vocesver.com\/noticias\/wp-json\/wp\/v2\/posts\/45362\/revisions\/45365"}],"wp:featuredmedia":[{"embeddable":true,"href":"http:\/\/vocesver.com\/noticias\/wp-json\/wp\/v2\/media\/45367"}],"wp:attachment":[{"href":"http:\/\/vocesver.com\/noticias\/wp-json\/wp\/v2\/media?parent=45362"}],"wp:term":[{"taxonomy":"category","embeddable":true,"href":"http:\/\/vocesver.com\/noticias\/wp-json\/wp\/v2\/categories?post=45362"},{"taxonomy":"post_tag","embeddable":true,"href":"http:\/\/vocesver.com\/noticias\/wp-json\/wp\/v2\/tags?post=45362"}],"curies":[{"name":"wp","href":"https:\/\/api.w.org\/{rel}","templated":true}]}}