{"id":45357,"date":"2025-02-07T21:47:41","date_gmt":"2025-02-07T21:47:41","guid":{"rendered":"http:\/\/vocesver.com\/noticias\/?p=45357"},"modified":"2025-02-07T21:59:56","modified_gmt":"2025-02-07T21:59:56","slug":"coordinacion-con-fuerzas-federales-fortalece-la-seguridad-rocio-nahle","status":"publish","type":"post","link":"http:\/\/vocesver.com\/noticias\/coordinacion-con-fuerzas-federales-fortalece-la-seguridad-rocio-nahle\/","title":{"rendered":"Coordinaci\u00f3n con fuerzas federales fortalece la seguridad: Roc\u00edo Nahle"},"content":{"rendered":"<br \/>>Asiste a toma de Posesi\u00f3n y Protesta del cambio de mando en la 29\u00aa Zona Militar.<br \/>>Mesa de seguridad, estrategias conjuntas para combatir el delito.<br \/>>Seguir\u00e1 canje de armas y garantiza seguridad en elecciones.<br \/><br \/>Ausencio Rivera\/Vocesver. com\/noticias<br \/>Minatitl\u00e1n, Ver., viernes 07 de febrero de 2025.\u2013 La gobernadora Roc\u00edo Nahle Garc\u00eda<br \/>asisti\u00f3 a la ceremonia de Toma de Posesi\u00f3n y Protesta del nuevo comandante de la<br \/>29\u00aa Zona Militar en Minatitl\u00e1n, Antonio Alejandro Ramos Arg\u00fcello, como parte de las<br \/>estrategias de seguridad y reiterando el compromiso con el bienestar de las y los<br \/>veracruzanos.<br \/>En entrevista con medios de comunicaci\u00f3n de la regi\u00f3n, destac\u00f3 que se atienden de<br \/>manera efectiva los sucesos delictivos y que, para fortalecer la seguridad, el Gobierno<br \/>de Veracruz mantiene una estrecha coordinaci\u00f3n con las secretar\u00edas de Marina y de<br \/>la Defensa Nacional, la Guardia Nacional, las fiscal\u00edas estatal y federal.<br \/>Como parte de esta estrategia, las mesas de seguridad se llevan a cabo en distintas<br \/>regiones del estado para dar seguimiento a los casos y definir acciones conjuntas que<br \/>permitan mejorar la respuesta operativa ante cualquier incidencia.<br \/>Adem\u00e1s, se han implementado campa\u00f1as federales como el programa de canje de<br \/>armas S\u00ed al Desarme, S\u00ed a la Paz, con el prop\u00f3sito de reducir los \u00edndices de violencia y<br \/>fomentar una cultura de paz entre la poblaci\u00f3nCoordinaci\u00f3n con fuerzas federales fortalece la seguridad: Roc\u00edo Nahle<br \/>>Asiste a toma de Posesi\u00f3n y Protesta del cambio de mando en la 29\u00aa Zona Militar.<br \/>>Mesa de seguridad, estrategias conjuntas para combatir el delito.<br \/>>Seguir\u00e1 canje de armas y garantiza seguridad en elecciones.<br \/>Minatitl\u00e1n, Ver., viernes 07 de febrero de 2025.\u2013 La gobernadora Roc\u00edo Nahle Garc\u00eda<br \/>asisti\u00f3 a la ceremonia de Toma de Posesi\u00f3n y Protesta del nuevo comandante de la<br \/>29\u00aa Zona Militar en Minatitl\u00e1n, Antonio Alejandro Ramos Arg\u00fcello, como parte de las<br \/>estrategias de seguridad y reiterando el compromiso con el bienestar de las y los<br \/>veracruzanos.<br \/>En entrevista con medios de comunicaci\u00f3n de la regi\u00f3n, destac\u00f3 que se atienden de<br \/>manera efectiva los sucesos delictivos y que, para fortalecer la seguridad, el Gobierno<br \/>de Veracruz mantiene una estrecha coordinaci\u00f3n con las secretar\u00edas de Marina y de<br \/>la Defensa Nacional, la Guardia Nacional, las fiscal\u00edas estatal y federal.<br \/>Como parte de esta estrategia, las mesas de seguridad se llevan a cabo en distintas<br \/>regiones del estado para dar seguimiento a los casos y definir acciones conjuntas que<br \/>permitan mejorar la respuesta operativa ante cualquier incidencia.<br \/>Adem\u00e1s, se han implementado campa\u00f1as federales como el programa de canje de<br \/>armas S\u00ed al Desarme, S\u00ed a la Paz, con el prop\u00f3sito de reducir los \u00edndices de violencia y<br \/>fomentar una cultura de paz entre la poblaci\u00f3n.<br \/><br \/><br \/><br \/><br \/><br \/><br \/><br \/><br \/><br \/><br \/><br \/><br \/><br \/><br \/><br \/><br \/><br \/><br \/><br \/><br \/><br \/><br \/><br \/><br \/><br \/><br \/><br \/><br \/><br \/><br \/>","protected":false},"excerpt":{"rendered":"<p>>Asiste a toma de Posesi\u00f3n y Protesta del cambio de mando en la 29\u00aa Zona Militar.>Mesa de seguridad, estrategias conjuntas<\/p>\n","protected":false},"author":2,"featured_media":45363,"comment_status":"open","ping_status":"open","sticky":false,"template":"","format":"standard","meta":{"colormag_page_container_layout":"default_layout","colormag_page_sidebar_layout":"default_layout","footnotes":""},"categories":[2],"tags":[],"class_list":["post-45357","post","type-post","status-publish","format-standard","has-post-thumbnail","hentry","category-infogral"],"_links":{"self":[{"href":"http:\/\/vocesver.com\/noticias\/wp-json\/wp\/v2\/posts\/45357","targetHints":{"allow":["GET"]}}],"collection":[{"href":"http:\/\/vocesver.com\/noticias\/wp-json\/wp\/v2\/posts"}],"about":[{"href":"http:\/\/vocesver.com\/noticias\/wp-json\/wp\/v2\/types\/post"}],"author":[{"embeddable":true,"href":"http:\/\/vocesver.com\/noticias\/wp-json\/wp\/v2\/users\/2"}],"replies":[{"embeddable":true,"href":"http:\/\/vocesver.com\/noticias\/wp-json\/wp\/v2\/comments?post=45357"}],"version-history":[{"count":1,"href":"http:\/\/vocesver.com\/noticias\/wp-json\/wp\/v2\/posts\/45357\/revisions"}],"predecessor-version":[{"id":45361,"href":"http:\/\/vocesver.com\/noticias\/wp-json\/wp\/v2\/posts\/45357\/revisions\/45361"}],"wp:featuredmedia":[{"embeddable":true,"href":"http:\/\/vocesver.com\/noticias\/wp-json\/wp\/v2\/media\/45363"}],"wp:attachment":[{"href":"http:\/\/vocesver.com\/noticias\/wp-json\/wp\/v2\/media?parent=45357"}],"wp:term":[{"taxonomy":"category","embeddable":true,"href":"http:\/\/vocesver.com\/noticias\/wp-json\/wp\/v2\/categories?post=45357"},{"taxonomy":"post_tag","embeddable":true,"href":"http:\/\/vocesver.com\/noticias\/wp-json\/wp\/v2\/tags?post=45357"}],"curies":[{"name":"wp","href":"https:\/\/api.w.org\/{rel}","templated":true}]}}