{"id":45346,"date":"2025-02-06T22:28:19","date_gmt":"2025-02-06T22:28:19","guid":{"rendered":"http:\/\/vocesver.com\/noticias\/?p=45346"},"modified":"2025-02-06T22:31:54","modified_gmt":"2025-02-06T22:31:54","slug":"vocesver-c0m-llego-a-su-sexto-aniversario-en-veracruz","status":"publish","type":"post","link":"http:\/\/vocesver.com\/noticias\/vocesver-c0m-llego-a-su-sexto-aniversario-en-veracruz\/","title":{"rendered":"VOCESVER. C0M LLEGO A SU SEXTO ANIVERSARIO EN VERACRUZ."},"content":{"rendered":"\n<p>Ausencio Rivera\/Vocesver. com\/noticias<br><br>Veracruz, Ver.. A 6 de Febrero 2025.. Este jueves el Portal de noticias Vocesver. com\/noticias a cargo del Lic. Ausencio Rivera Gonz\u00e1lez y&#8217;, quien se desempe\u00f1a como Director General cumple su Sexto Aniversario de informar de manera veraz y oportuna.<br>Por ello, la Direcci\u00f3n y el equipo informativo agradecen a todos los ciudadanos que nos permiten llegar a sus hogares para mantenerlos bien informados del acontecer diario en el panorama local, estatal y nacional.<br>Sobre todo agradecemos a los patrocinadores quienes sin su apoyo esto no ser\u00eda posible.!!!Gracias, Gracias a todos ellos!!!<br>A continuaci\u00f3n damos a conocer la lista de Patrocinadores:EL Sindicato Nacional de la Industria Naval en Veracruz que dirige de manera acertada Juan Jos\u00e9 Dom\u00ednguez Garc\u00eda como Secretario General.<br>El Lic. Arturo Matiello Canales rector de la Universidad de las Naciones del Puerto de Veracruz.<br>La Uni\u00f3n Nacional de Marineros del Puerto de Veracruz a cargo de Honorio A. Galv\u00e1n Aguilar como Secretario General.<br>La Orden Mexicana de Profesionales Mar\u00edtimos y Portuarios que dirige el Capit\u00e1n Antonio Rodriguez Fritz como secretario General de dicha Orden.<br>La Asociaci\u00f3n Sindical de Oficiales de M\u00e1quinas de la  Marina Mercante Nacional que dirige  como Secretario General el I. M. N. Enrique O. Pacheco Georges. La Federaci\u00f3n Internacional de los Trabajadores del Transporte por sus siglas en ingl\u00e9s( ITF) a cargo del Capit\u00e1n de Altura Enrique Lozano D\u00edaz.<br>Tambi\u00e9n agradecemos el apoyo del Licenciado Evirilio Tamariz Pimentel presidente de la Organizaci\u00f3n Pol\u00edtica Social Sentimientos de la Naci\u00f3n y del Ingeniero Jos\u00e9 Vicente Ram\u00edrez Cort\u00e9s presidente de la Asociacion Mexicana de Ingenieros Mec\u00e1nicos y Electricistas( AMIME) del Puerto de Veracruz entre otros patrocinios.<br>!! Muchas Felicidades!! a todo el equipo y que cumplan muchos m\u00e1s&#8230;.<br><br><br><br><br><br><br><br><br><br><br><br><br><br><br><br><br><br><br><br><br><br><br><br><br><br><\/p>\n","protected":false},"excerpt":{"rendered":"<p>Ausencio Rivera\/Vocesver. com\/noticias Veracruz, Ver.. A 6 de Febrero 2025.. Este jueves el Portal de noticias Vocesver. com\/noticias a cargo<\/p>\n","protected":false},"author":2,"featured_media":45351,"comment_status":"open","ping_status":"open","sticky":false,"template":"","format":"standard","meta":{"colormag_page_container_layout":"default_layout","colormag_page_sidebar_layout":"default_layout","footnotes":""},"categories":[2],"tags":[],"class_list":["post-45346","post","type-post","status-publish","format-standard","has-post-thumbnail","hentry","category-infogral"],"_links":{"self":[{"href":"http:\/\/vocesver.com\/noticias\/wp-json\/wp\/v2\/posts\/45346","targetHints":{"allow":["GET"]}}],"collection":[{"href":"http:\/\/vocesver.com\/noticias\/wp-json\/wp\/v2\/posts"}],"about":[{"href":"http:\/\/vocesver.com\/noticias\/wp-json\/wp\/v2\/types\/post"}],"author":[{"embeddable":true,"href":"http:\/\/vocesver.com\/noticias\/wp-json\/wp\/v2\/users\/2"}],"replies":[{"embeddable":true,"href":"http:\/\/vocesver.com\/noticias\/wp-json\/wp\/v2\/comments?post=45346"}],"version-history":[{"count":2,"href":"http:\/\/vocesver.com\/noticias\/wp-json\/wp\/v2\/posts\/45346\/revisions"}],"predecessor-version":[{"id":45350,"href":"http:\/\/vocesver.com\/noticias\/wp-json\/wp\/v2\/posts\/45346\/revisions\/45350"}],"wp:featuredmedia":[{"embeddable":true,"href":"http:\/\/vocesver.com\/noticias\/wp-json\/wp\/v2\/media\/45351"}],"wp:attachment":[{"href":"http:\/\/vocesver.com\/noticias\/wp-json\/wp\/v2\/media?parent=45346"}],"wp:term":[{"taxonomy":"category","embeddable":true,"href":"http:\/\/vocesver.com\/noticias\/wp-json\/wp\/v2\/categories?post=45346"},{"taxonomy":"post_tag","embeddable":true,"href":"http:\/\/vocesver.com\/noticias\/wp-json\/wp\/v2\/tags?post=45346"}],"curies":[{"name":"wp","href":"https:\/\/api.w.org\/{rel}","templated":true}]}}