{"id":45329,"date":"2025-02-05T22:30:15","date_gmt":"2025-02-05T22:30:15","guid":{"rendered":"http:\/\/vocesver.com\/noticias\/?p=45329"},"modified":"2025-02-05T22:43:18","modified_gmt":"2025-02-05T22:43:18","slug":"la-nautica-de-veracruz-festejo-su-106-aniversario-de-fundada-en-el-puerto-jarocho","status":"publish","type":"post","link":"http:\/\/vocesver.com\/noticias\/la-nautica-de-veracruz-festejo-su-106-aniversario-de-fundada-en-el-puerto-jarocho\/","title":{"rendered":"La N\u00e1utica de Veracruz festejo su 106 aniversario de fundada en el puerto Jarocho."},"content":{"rendered":"\n<p>Ausncio Rivera\/Vocesver. com\/noticias<br><br>Veracruz, Ver a 5 de Febrero 2025.. Este mi\u00e9rcoles en emotiva ceremonia la Escuela N\u00e1utica Mercante de Veracruz Cap. de Altura Fernando Ciliceo y Torres festej\u00f3 su 106 aniversario de Fundada en el Puerto de Veracruz. La ceremonia estuvo presidida por el Director General de Marina Mercante Cap.de Altura Paulino Mora Quesada y el Rector de la Universidad Mar\u00edtima Portuaria CAP. de Altura Mauricio Cruz y autoridades educativas de esta  escuela. La ceremonia se realiz\u00f3 en las instalaciones del plantel y se cont\u00f3 con la presencia de la Alcaldesa de Veracruz Paty Lobeira entre otras distinguidas personalidades. Presente el Capit\u00e1n de Altura Enrique Lozano D\u00edaz , el Capit\u00e1n Antonio Rodriguez Fritz secretario General de la Orden Mexicana de Profesionales Mar\u00edtimos y Portuarios, Similares y Conexos y representantes de otros sindicatos hermanos del gremio Mar\u00edtimo.<br><br>Obtener Outlook para Android<br><br><br><br><br><br><br><br><br><br><br><br><br><br><br><br><br><br><br><br><br><br><br><br><br><br><\/p>\n","protected":false},"excerpt":{"rendered":"<p>Ausncio Rivera\/Vocesver. com\/noticias Veracruz, Ver a 5 de Febrero 2025.. Este mi\u00e9rcoles en emotiva ceremonia la Escuela N\u00e1utica Mercante de<\/p>\n","protected":false},"author":2,"featured_media":45335,"comment_status":"open","ping_status":"open","sticky":false,"template":"","format":"standard","meta":{"colormag_page_container_layout":"default_layout","colormag_page_sidebar_layout":"default_layout","footnotes":""},"categories":[2],"tags":[],"class_list":["post-45329","post","type-post","status-publish","format-standard","has-post-thumbnail","hentry","category-infogral"],"_links":{"self":[{"href":"http:\/\/vocesver.com\/noticias\/wp-json\/wp\/v2\/posts\/45329","targetHints":{"allow":["GET"]}}],"collection":[{"href":"http:\/\/vocesver.com\/noticias\/wp-json\/wp\/v2\/posts"}],"about":[{"href":"http:\/\/vocesver.com\/noticias\/wp-json\/wp\/v2\/types\/post"}],"author":[{"embeddable":true,"href":"http:\/\/vocesver.com\/noticias\/wp-json\/wp\/v2\/users\/2"}],"replies":[{"embeddable":true,"href":"http:\/\/vocesver.com\/noticias\/wp-json\/wp\/v2\/comments?post=45329"}],"version-history":[{"count":2,"href":"http:\/\/vocesver.com\/noticias\/wp-json\/wp\/v2\/posts\/45329\/revisions"}],"predecessor-version":[{"id":45334,"href":"http:\/\/vocesver.com\/noticias\/wp-json\/wp\/v2\/posts\/45329\/revisions\/45334"}],"wp:featuredmedia":[{"embeddable":true,"href":"http:\/\/vocesver.com\/noticias\/wp-json\/wp\/v2\/media\/45335"}],"wp:attachment":[{"href":"http:\/\/vocesver.com\/noticias\/wp-json\/wp\/v2\/media?parent=45329"}],"wp:term":[{"taxonomy":"category","embeddable":true,"href":"http:\/\/vocesver.com\/noticias\/wp-json\/wp\/v2\/categories?post=45329"},{"taxonomy":"post_tag","embeddable":true,"href":"http:\/\/vocesver.com\/noticias\/wp-json\/wp\/v2\/tags?post=45329"}],"curies":[{"name":"wp","href":"https:\/\/api.w.org\/{rel}","templated":true}]}}