{"id":45321,"date":"2025-02-04T22:06:45","date_gmt":"2025-02-04T22:06:45","guid":{"rendered":"http:\/\/vocesver.com\/noticias\/?p=45321"},"modified":"2025-02-04T22:09:00","modified_gmt":"2025-02-04T22:09:00","slug":"voces-de-la-ninez-y-adolescencia-deben-ser-escuchadas-en-la-construccion-del-pais","status":"publish","type":"post","link":"http:\/\/vocesver.com\/noticias\/voces-de-la-ninez-y-adolescencia-deben-ser-escuchadas-en-la-construccion-del-pais\/","title":{"rendered":"Voces de la ni\u00f1ez y adolescencia deben ser escuchadas en la construcci\u00f3n del pa\u00eds"},"content":{"rendered":"\n<p>Veracruz, el tercer estado con m\u00e1s poblaci\u00f3n infantil.<br>>Realizan foro para recopilar problem\u00e1ticas y soluciones e integrarlas al PND.<br><br>Xalapa, Ver., martes 04 de febrero de 2024. Para atender los problemas que<br>afectan a la ni\u00f1ez y adolescencia en la escuela, el hogar y espacios p\u00fablicos, es<br>fundamental escuchar sus opiniones y experiencias, solo as\u00ed se podr\u00e1n dise\u00f1ar<br>pol\u00edticas de protecci\u00f3n que garanticen sus derechos y bienestar.<br>Durante el Foro de Consulta: Rep\u00fablica de y para la Ni\u00f1ez y Adolescencia,<br>organizado por el Sistema de Protecci\u00f3n Integral de Ni\u00f1as, Ni\u00f1os y Adolescentes<br>(SIPINNA), la secretaria ejecutiva, Lorena Villavicencio Ayala, present\u00f3<br>estrategias federales como el sistema nacional de cuidados, prevenci\u00f3n de la<br>violencia, participaci\u00f3n infantil, crianza positiva y protecci\u00f3n de derechos.<br>Uno de los principales objetivos es erradicar la violencia escolar, fomentar la<br>participaci\u00f3n estudiantil y asegurar que las autoridades cumplan con su<br>responsabilidad; para ello, estas propuestas deben integrarse al Plan Nacional de<br>Desarrollo, considerando que Veracruz es el tercer estado con mayor poblaci\u00f3n<br>infantil.<br>La secretaria ejecutiva de SIPINNA Veracruz, Mercy Esther P\u00e9rez Ar\u00e9valo, destac\u00f3<br>que estas iniciativas buscan garantizar que ning\u00fan menor quede fuera del<br>sistema educativo y que todos los estudiantes cuenten con los recursos<br>necesarios para completar su formaci\u00f3n y acceder a mejores oportunidades.<br>Adem\u00e1s, se\u00f1al\u00f3 que el Gobierno de Veracruz, en coordinaci\u00f3n con los SIPINNA<br>municipales, promover\u00e1 acciones para que las escuelas sean espacios seguros,<br>fomentando una educaci\u00f3n inclusiva, humanista y de calidad, en colaboraci\u00f3n con<br>docentes, familias y autoridades.<br>En el Foro participaron la secretaria de Desarrollo Social, Margarita Santo Prieto<br>Peralta; el director general de Cultura de Paz y Derechos Humanos, Alejandro<br>Moreno Hern\u00e1ndez; la diputada y secretaria de la Comisi\u00f3n de Derechos de la<br>Ni\u00f1ez, la Adolescencia y la Familia del Congreso del Estado, Elizabeth Morales<br>Garc\u00eda y la diputada, Miriam Garc\u00eda Guzm\u00e1n.<br>As\u00ed como la fiscal coordinadora Especializada en la Investigaci\u00f3n de Delitos de<br>Violencia contra la Familia, Mujeres, Ni\u00f1as y Ni\u00f1os y Trata de Personas, Roberta<br>Ayala Lula; la presidenta de la Red por los Derechos de la Infancia en M\u00e9xico,<br>Tania Ram\u00edrez Hern\u00e1ndez y el secretario del Ayuntamiento de Xalapa, Enrique<br>C\u00f3rdoba del Valle.<br><br><br><br><br><br><br><br><br><br><br><br><br><br><br><br><br><br><br><br><br><br><br><br><br><br><br><br><br><br><br><br><br><br><br><br><br><br><br><br><br><br><br><br><br><\/p>\n","protected":false},"excerpt":{"rendered":"<p>Veracruz, el tercer estado con m\u00e1s poblaci\u00f3n infantil.>Realizan foro para recopilar problem\u00e1ticas y soluciones e integrarlas al PND. Xalapa, Ver.,<\/p>\n","protected":false},"author":2,"featured_media":45327,"comment_status":"open","ping_status":"open","sticky":false,"template":"","format":"standard","meta":{"colormag_page_container_layout":"default_layout","colormag_page_sidebar_layout":"default_layout","footnotes":""},"categories":[2],"tags":[],"class_list":["post-45321","post","type-post","status-publish","format-standard","has-post-thumbnail","hentry","category-infogral"],"_links":{"self":[{"href":"http:\/\/vocesver.com\/noticias\/wp-json\/wp\/v2\/posts\/45321","targetHints":{"allow":["GET"]}}],"collection":[{"href":"http:\/\/vocesver.com\/noticias\/wp-json\/wp\/v2\/posts"}],"about":[{"href":"http:\/\/vocesver.com\/noticias\/wp-json\/wp\/v2\/types\/post"}],"author":[{"embeddable":true,"href":"http:\/\/vocesver.com\/noticias\/wp-json\/wp\/v2\/users\/2"}],"replies":[{"embeddable":true,"href":"http:\/\/vocesver.com\/noticias\/wp-json\/wp\/v2\/comments?post=45321"}],"version-history":[{"count":2,"href":"http:\/\/vocesver.com\/noticias\/wp-json\/wp\/v2\/posts\/45321\/revisions"}],"predecessor-version":[{"id":45326,"href":"http:\/\/vocesver.com\/noticias\/wp-json\/wp\/v2\/posts\/45321\/revisions\/45326"}],"wp:featuredmedia":[{"embeddable":true,"href":"http:\/\/vocesver.com\/noticias\/wp-json\/wp\/v2\/media\/45327"}],"wp:attachment":[{"href":"http:\/\/vocesver.com\/noticias\/wp-json\/wp\/v2\/media?parent=45321"}],"wp:term":[{"taxonomy":"category","embeddable":true,"href":"http:\/\/vocesver.com\/noticias\/wp-json\/wp\/v2\/categories?post=45321"},{"taxonomy":"post_tag","embeddable":true,"href":"http:\/\/vocesver.com\/noticias\/wp-json\/wp\/v2\/tags?post=45321"}],"curies":[{"name":"wp","href":"https:\/\/api.w.org\/{rel}","templated":true}]}}