{"id":45316,"date":"2025-01-31T23:34:35","date_gmt":"2025-01-31T23:34:35","guid":{"rendered":"http:\/\/vocesver.com\/noticias\/?p=45316"},"modified":"2025-01-31T23:36:55","modified_gmt":"2025-01-31T23:36:55","slug":"este-viernes-el-primer-viernes-de-meridiana-en-la-orden-mexicana","status":"publish","type":"post","link":"http:\/\/vocesver.com\/noticias\/este-viernes-el-primer-viernes-de-meridiana-en-la-orden-mexicana\/","title":{"rendered":"Este viernes el primer\u00bb  Viernes de Meridiana\u00bb en la Orden Mexicana."},"content":{"rendered":"\n<p>Presidi\u00f3 la reuni\u00f3n el Capit\u00e1n de Altura Esteban S\u00e1nchez Serrano en representaci\u00f3n del titular de la Orden CAP. Antonio Rodr\u00edguez Fritz.<br><br>Ausencio Rivera\/Vocesver. com\/noticias<br>Veracruz, Ver.. A 31 de Enero 2025&#8230; Este. Viernes se llev\u00f3 a cabo el Primer\u00bb Viernes de Meridiana del a\u00f1o en las instalaciones de la Orden Mexicana de Profesionales Mar\u00edtimos y Portuarios, Similares y Conexos\u00bb.<br>En esta ocasi\u00f3n la reuni\u00f3n estuvo presidida por el Capit\u00e1n de Altura Esteban S\u00e1nchez Serrano quien es Secretario del Interior de la Orden en representacio del Cap.Antonio Rodr\u00edguez Fritz secretario General de esta organizaci\u00f3n quien no pudo asistir por cuestiones de trabajo en la Ciudad de M\u00e9xico.<br>A la reuni\u00f3n asistieron una gran cantidad de socios que ya tienen muchos a\u00f1os en esta organizaci\u00f3n y nuevos socios.<br>De acuerdo con el Capit\u00e1n de Altura Enrique Lozano D\u00edaz la idea de estas reuniones es que los \u00faltimos viernes de cada mes\u00bb nos reunamos en la ORDEN a tomar una cerveza de \u201cmeridiana\u201d con botanas y poder conversar sobre todos los temas que deseen\u00bb.<br>Por ello y de manera previa les pedimos a los Colegas que est\u00e9n por Veracruz, que nos acompa\u00f1en este viernes 31 de enero a partir de las 11:59 en la sede de la ORDEN en Veracruz.<br>Por su parte el Capit\u00e1n de Altura  Esteban S\u00e1nchez Serrano agradeci\u00f3 a nombre del titular de la Orden CAP. Antonio Rodr\u00edguez Fritz que hayan acudido a esta reuni\u00f3n donde predominio un ambiente de unidad y gran camarader\u00eda.<br>El men\u00fa estuvo integrado por ricos chiles rellenos, carnitas, chicharrones pico de gallo, guacamole entre otros antojitos y botanas..<br><br><br><br><br><br><br><br><br><br><br><br><br><br><br><br><br><br><br><br><br><br><br><br><br><\/p>\n","protected":false},"excerpt":{"rendered":"<p>Presidi\u00f3 la reuni\u00f3n el Capit\u00e1n de Altura Esteban S\u00e1nchez Serrano en representaci\u00f3n del titular de la Orden CAP. Antonio Rodr\u00edguez<\/p>\n","protected":false},"author":2,"featured_media":45323,"comment_status":"open","ping_status":"open","sticky":false,"template":"","format":"standard","meta":{"colormag_page_container_layout":"default_layout","colormag_page_sidebar_layout":"default_layout","footnotes":""},"categories":[2],"tags":[],"class_list":["post-45316","post","type-post","status-publish","format-standard","has-post-thumbnail","hentry","category-infogral"],"_links":{"self":[{"href":"http:\/\/vocesver.com\/noticias\/wp-json\/wp\/v2\/posts\/45316","targetHints":{"allow":["GET"]}}],"collection":[{"href":"http:\/\/vocesver.com\/noticias\/wp-json\/wp\/v2\/posts"}],"about":[{"href":"http:\/\/vocesver.com\/noticias\/wp-json\/wp\/v2\/types\/post"}],"author":[{"embeddable":true,"href":"http:\/\/vocesver.com\/noticias\/wp-json\/wp\/v2\/users\/2"}],"replies":[{"embeddable":true,"href":"http:\/\/vocesver.com\/noticias\/wp-json\/wp\/v2\/comments?post=45316"}],"version-history":[{"count":2,"href":"http:\/\/vocesver.com\/noticias\/wp-json\/wp\/v2\/posts\/45316\/revisions"}],"predecessor-version":[{"id":45322,"href":"http:\/\/vocesver.com\/noticias\/wp-json\/wp\/v2\/posts\/45316\/revisions\/45322"}],"wp:featuredmedia":[{"embeddable":true,"href":"http:\/\/vocesver.com\/noticias\/wp-json\/wp\/v2\/media\/45323"}],"wp:attachment":[{"href":"http:\/\/vocesver.com\/noticias\/wp-json\/wp\/v2\/media?parent=45316"}],"wp:term":[{"taxonomy":"category","embeddable":true,"href":"http:\/\/vocesver.com\/noticias\/wp-json\/wp\/v2\/categories?post=45316"},{"taxonomy":"post_tag","embeddable":true,"href":"http:\/\/vocesver.com\/noticias\/wp-json\/wp\/v2\/tags?post=45316"}],"curies":[{"name":"wp","href":"https:\/\/api.w.org\/{rel}","templated":true}]}}