{"id":45312,"date":"2025-01-31T23:24:19","date_gmt":"2025-01-31T23:24:19","guid":{"rendered":"http:\/\/vocesver.com\/noticias\/?p=45312"},"modified":"2025-01-31T23:30:31","modified_gmt":"2025-01-31T23:30:31","slug":"alianza-estrategica-para-capacitar-a-trabajadores-y-fortalecer-el-sector-productivo","status":"publish","type":"post","link":"http:\/\/vocesver.com\/noticias\/alianza-estrategica-para-capacitar-a-trabajadores-y-fortalecer-el-sector-productivo\/","title":{"rendered":"Alianza estrat\u00e9gica para capacitar a trabajadores y fortalecer el sector productivo"},"content":{"rendered":"\n<p>>Desarrollar\u00e1 formaci\u00f3n alineada con la demanda del mercado laboral.<br><br><br>Xalapa, Ver., viernes 31 de enero de 2024.- Para impulsar la capacitaci\u00f3n laboral<br>y fortalecer la vinculaci\u00f3n entre el sector productivo y la poblaci\u00f3n trabajadora, las<br>Secretar\u00edas de Desarrollo Econ\u00f3mico y Portuario (SEDECOP), de Trabajo,<br>Previsi\u00f3n Social y Productividad (STPSP), y el Instituto de Capacitaci\u00f3n para el<br>Trabajo del Estado de Veracruz firmaron un convenio de colaboraci\u00f3n.<br>Los objetivos son detectar y atender las necesidades de capacitaci\u00f3n del sector<br>productivo, desarrollar programas de formaci\u00f3n alineados con la demanda del<br>mercado laboral y facilitar el enlace entre trabajadores y empleadores mediante<br>capacitaci\u00f3n especializada.<br>Al destacar el impacto positivo que tendr\u00e1 esta cooperaci\u00f3n interinstitucional, el<br>titular de la SEDECOP, Ernesto P\u00e9rez Astorga, subray\u00f3 que el acuerdo es una<br>acci\u00f3n clave para fortalecer la econom\u00eda del estado y brindar mayores oportunidades<br>a la poblaci\u00f3n veracruzana.<br>\u00abEs un reflejo de nuestro compromiso con el desarrollo econ\u00f3mico y el bienestar de<br>nuestros ciudadanos, asegurando que cuenten con las herramientas y conocimientos<br>necesarios para integrarse de manera efectiva al mercado laboral\u00bb, afirm\u00f3.<br>Por su parte, el titular de la Secretar\u00eda de Trabajo, Luis Arturo Santiago Mart\u00ednez,<br>resalt\u00f3 la importancia de la capacitaci\u00f3n t\u00e9cnica como un motor de desarrollo y<br>reiter\u00f3 el compromiso de la gobernadora Roc\u00edo Nahle Garc\u00eda con la mejora de las<br>condiciones laborales de la poblaci\u00f3n para garantizar un futuro laboral m\u00e1s s\u00f3lido.<br><br><br><br><br><br><br><br><br><br><br><br><br><br><br><br><br><br><br><br><br><br><br><br><\/p>\n","protected":false},"excerpt":{"rendered":"<p>>Desarrollar\u00e1 formaci\u00f3n alineada con la demanda del mercado laboral. Xalapa, Ver., viernes 31 de enero de 2024.- Para impulsar la<\/p>\n","protected":false},"author":2,"featured_media":45319,"comment_status":"open","ping_status":"open","sticky":false,"template":"","format":"standard","meta":{"colormag_page_container_layout":"default_layout","colormag_page_sidebar_layout":"default_layout","footnotes":""},"categories":[4],"tags":[],"class_list":["post-45312","post","type-post","status-publish","format-standard","has-post-thumbnail","hentry","category-estatal"],"_links":{"self":[{"href":"http:\/\/vocesver.com\/noticias\/wp-json\/wp\/v2\/posts\/45312","targetHints":{"allow":["GET"]}}],"collection":[{"href":"http:\/\/vocesver.com\/noticias\/wp-json\/wp\/v2\/posts"}],"about":[{"href":"http:\/\/vocesver.com\/noticias\/wp-json\/wp\/v2\/types\/post"}],"author":[{"embeddable":true,"href":"http:\/\/vocesver.com\/noticias\/wp-json\/wp\/v2\/users\/2"}],"replies":[{"embeddable":true,"href":"http:\/\/vocesver.com\/noticias\/wp-json\/wp\/v2\/comments?post=45312"}],"version-history":[{"count":2,"href":"http:\/\/vocesver.com\/noticias\/wp-json\/wp\/v2\/posts\/45312\/revisions"}],"predecessor-version":[{"id":45317,"href":"http:\/\/vocesver.com\/noticias\/wp-json\/wp\/v2\/posts\/45312\/revisions\/45317"}],"wp:featuredmedia":[{"embeddable":true,"href":"http:\/\/vocesver.com\/noticias\/wp-json\/wp\/v2\/media\/45319"}],"wp:attachment":[{"href":"http:\/\/vocesver.com\/noticias\/wp-json\/wp\/v2\/media?parent=45312"}],"wp:term":[{"taxonomy":"category","embeddable":true,"href":"http:\/\/vocesver.com\/noticias\/wp-json\/wp\/v2\/categories?post=45312"},{"taxonomy":"post_tag","embeddable":true,"href":"http:\/\/vocesver.com\/noticias\/wp-json\/wp\/v2\/tags?post=45312"}],"curies":[{"name":"wp","href":"https:\/\/api.w.org\/{rel}","templated":true}]}}