{"id":45308,"date":"2025-01-31T23:15:13","date_gmt":"2025-01-31T23:15:13","guid":{"rendered":"http:\/\/vocesver.com\/noticias\/?p=45308"},"modified":"2025-01-31T23:18:03","modified_gmt":"2025-01-31T23:18:03","slug":"durante-las-fiestas-de-la-candelaria-celebra-248-anos-de-historia-amor-son-y-legado","status":"publish","type":"post","link":"http:\/\/vocesver.com\/noticias\/durante-las-fiestas-de-la-candelaria-celebra-248-anos-de-historia-amor-son-y-legado\/","title":{"rendered":"Durante las fiestas de La Candelaria, celebra 248 a\u00f1os de historia, amor, son y legado."},"content":{"rendered":"\n<p>>Talleres, artesan\u00eda, gastronom\u00eda y folclore regional, enmarcan la celebraci\u00f3n<br><br>Tlacotalpan, Ver., viernes 31 de enero de 2025.- A partir de este viernes y hasta el<br>9 de febrero, la Perla del Papaloapan recibe con los brazos abiertos a visitantes<br>nacionales y extranjeros con un amplio programa cultural y art\u00edstico que<br>engalana la tradicional celebraci\u00f3n de la Virgen de La Candelaria.<br>Dentro del programa cultural destacan los talleres de arpa, son jarocho, d\u00e9cima y<br>fandango, as\u00ed como encuentros de versadores y guitarreros, adem\u00e1s, habr\u00e1<br>exposici\u00f3n y venta de productos artesanales, exhibiciones gastron\u00f3micas y<br>presentaciones de trabajos editoriales.<br>Este s\u00e1bado, en el Foro Cultural del Sotavento, y con motivo de su 30\u00b0<br>aniversario, el grupo Los Cojolites ofrecer\u00e1 un concierto especial en la Casa de la<br>Cultura Agust\u00edn Lara a las 15:00 horas.<br>Posteriormente, la presentaci\u00f3n de Son Jaguar de Tatahuicapan de Ju\u00e1rez, Fiesta<br>de Son de Veracruz, Caf\u00e9 con Pan de Xalapa y Jarocho Barrio de Chinameca.<br>En la Celebraci\u00f3n de Amor, Son y Legado, el domingo 2 de febrero, se llevar\u00e1n a<br>cabo las actividades m\u00e1s emblem\u00e1ticas de esta festividad: las Ma\u00f1anitas y el Paseo<br>de la Virgen.<br>La Secretar\u00eda de Cultura de Veracruz (SECVER) invita a disfrutar de esta arraigada<br>celebraci\u00f3n, llena de m\u00fasica, cultura y gastronom\u00eda, que llena de alegr\u00eda a<br>Tlacotalpan, Patrimonio Cultural de la Humanidad. <br><br><br><br><br><br><br><br><br><br><br><br><br><br><br><br><br><br><br><br><\/p>\n","protected":false},"excerpt":{"rendered":"<p>>Talleres, artesan\u00eda, gastronom\u00eda y folclore regional, enmarcan la celebraci\u00f3n Tlacotalpan, Ver., viernes 31 de enero de 2025.- A partir de<\/p>\n","protected":false},"author":2,"featured_media":45314,"comment_status":"open","ping_status":"open","sticky":false,"template":"","format":"standard","meta":{"colormag_page_container_layout":"default_layout","colormag_page_sidebar_layout":"default_layout","footnotes":""},"categories":[2],"tags":[],"class_list":["post-45308","post","type-post","status-publish","format-standard","has-post-thumbnail","hentry","category-infogral"],"_links":{"self":[{"href":"http:\/\/vocesver.com\/noticias\/wp-json\/wp\/v2\/posts\/45308","targetHints":{"allow":["GET"]}}],"collection":[{"href":"http:\/\/vocesver.com\/noticias\/wp-json\/wp\/v2\/posts"}],"about":[{"href":"http:\/\/vocesver.com\/noticias\/wp-json\/wp\/v2\/types\/post"}],"author":[{"embeddable":true,"href":"http:\/\/vocesver.com\/noticias\/wp-json\/wp\/v2\/users\/2"}],"replies":[{"embeddable":true,"href":"http:\/\/vocesver.com\/noticias\/wp-json\/wp\/v2\/comments?post=45308"}],"version-history":[{"count":2,"href":"http:\/\/vocesver.com\/noticias\/wp-json\/wp\/v2\/posts\/45308\/revisions"}],"predecessor-version":[{"id":45313,"href":"http:\/\/vocesver.com\/noticias\/wp-json\/wp\/v2\/posts\/45308\/revisions\/45313"}],"wp:featuredmedia":[{"embeddable":true,"href":"http:\/\/vocesver.com\/noticias\/wp-json\/wp\/v2\/media\/45314"}],"wp:attachment":[{"href":"http:\/\/vocesver.com\/noticias\/wp-json\/wp\/v2\/media?parent=45308"}],"wp:term":[{"taxonomy":"category","embeddable":true,"href":"http:\/\/vocesver.com\/noticias\/wp-json\/wp\/v2\/categories?post=45308"},{"taxonomy":"post_tag","embeddable":true,"href":"http:\/\/vocesver.com\/noticias\/wp-json\/wp\/v2\/tags?post=45308"}],"curies":[{"name":"wp","href":"https:\/\/api.w.org\/{rel}","templated":true}]}}