{"id":45259,"date":"2025-01-28T22:44:29","date_gmt":"2025-01-28T22:44:29","guid":{"rendered":"http:\/\/vocesver.com\/noticias\/?p=45259"},"modified":"2025-01-28T22:46:28","modified_gmt":"2025-01-28T22:46:28","slug":"con-unidad-y-buenos-candidatos-el-pri-ganara-el-estado-de-veracruzgonzalez-gudino","status":"publish","type":"post","link":"http:\/\/vocesver.com\/noticias\/con-unidad-y-buenos-candidatos-el-pri-ganara-el-estado-de-veracruzgonzalez-gudino\/","title":{"rendered":"Con unidad y buenos candidatos el PRI ganar\u00e1 el Estado de Veracruz:Gonz\u00e1lez Gudi\u00f1o."},"content":{"rendered":"\n<p>Precisamente Alito Moreno vino a enyectarle ox\u00edgeno al partido, ayer se reuni\u00f3 con la dirigencia estatal y otros l\u00edderes.<br><br>Ausencio Rivera\/Vocesver. com\/noticias<br>Veracruz, Ver.. A 27 de Enero 2025.. En opini\u00f3n del Ingeniero  Miguel \u00c1ngel Gonz\u00e1lez Gudi\u00f1o presidente nacional de la Corriente Democr\u00e1tica Progresista con unidad, buenos candidatos y l\u00edderes sociales con el PRI ganamos Veracruz.<br>Entrevistado v\u00eda telef\u00f3nica por este reportero dijo: precisamente nuestro dirigente Nacional Alito Moreno se encuentra en el Estado de Veracruz para realizar una intensa gira de trabajo con miras al pr\u00f3ximo proceso electoral que se avecina.<br>Tengo entendido que este lunes sostuvo una reuni\u00f3 de trabajo con el dirigente estatal de nuestro partido Adolfo Ram\u00edrez Arana, Lorena Pi\u00f1\u00f3n y nuestros delegados donde.se.acordo realizar en la entidad una gira llena de propuestas y soluciones.<br>Con la presencia de nuestro dirigente nacional la unidad se siente en Veracruz enfatiz\u00f3.<br>Con  Alito Moreno y nuestro equipo estatal !!! Juntos construiremos un camino s\u00f3lido para el progreso del Estado de Veracruz!!! subrray\u00f3.<br><br><br><br><br><br><br><br><br><br><br><br><br><br><br><br><br><br><br><br><br><br><br><br><\/p>\n","protected":false},"excerpt":{"rendered":"<p>Precisamente Alito Moreno vino a enyectarle ox\u00edgeno al partido, ayer se reuni\u00f3 con la dirigencia estatal y otros l\u00edderes. Ausencio<\/p>\n","protected":false},"author":2,"featured_media":45265,"comment_status":"open","ping_status":"open","sticky":false,"template":"","format":"standard","meta":{"colormag_page_container_layout":"default_layout","colormag_page_sidebar_layout":"default_layout","footnotes":""},"categories":[2],"tags":[],"class_list":["post-45259","post","type-post","status-publish","format-standard","has-post-thumbnail","hentry","category-infogral"],"_links":{"self":[{"href":"http:\/\/vocesver.com\/noticias\/wp-json\/wp\/v2\/posts\/45259","targetHints":{"allow":["GET"]}}],"collection":[{"href":"http:\/\/vocesver.com\/noticias\/wp-json\/wp\/v2\/posts"}],"about":[{"href":"http:\/\/vocesver.com\/noticias\/wp-json\/wp\/v2\/types\/post"}],"author":[{"embeddable":true,"href":"http:\/\/vocesver.com\/noticias\/wp-json\/wp\/v2\/users\/2"}],"replies":[{"embeddable":true,"href":"http:\/\/vocesver.com\/noticias\/wp-json\/wp\/v2\/comments?post=45259"}],"version-history":[{"count":2,"href":"http:\/\/vocesver.com\/noticias\/wp-json\/wp\/v2\/posts\/45259\/revisions"}],"predecessor-version":[{"id":45264,"href":"http:\/\/vocesver.com\/noticias\/wp-json\/wp\/v2\/posts\/45259\/revisions\/45264"}],"wp:featuredmedia":[{"embeddable":true,"href":"http:\/\/vocesver.com\/noticias\/wp-json\/wp\/v2\/media\/45265"}],"wp:attachment":[{"href":"http:\/\/vocesver.com\/noticias\/wp-json\/wp\/v2\/media?parent=45259"}],"wp:term":[{"taxonomy":"category","embeddable":true,"href":"http:\/\/vocesver.com\/noticias\/wp-json\/wp\/v2\/categories?post=45259"},{"taxonomy":"post_tag","embeddable":true,"href":"http:\/\/vocesver.com\/noticias\/wp-json\/wp\/v2\/tags?post=45259"}],"curies":[{"name":"wp","href":"https:\/\/api.w.org\/{rel}","templated":true}]}}