{"id":45251,"date":"2025-01-28T22:28:39","date_gmt":"2025-01-28T22:28:39","guid":{"rendered":"http:\/\/vocesver.com\/noticias\/?p=45251"},"modified":"2025-01-28T22:30:59","modified_gmt":"2025-01-28T22:30:59","slug":"con-rocio-nahle-veracruz-goza-de-estabilidad-politica-y-social-rosa-maria-hernandez-espejo","status":"publish","type":"post","link":"http:\/\/vocesver.com\/noticias\/con-rocio-nahle-veracruz-goza-de-estabilidad-politica-y-social-rosa-maria-hernandez-espejo\/","title":{"rendered":"*Con Roc\u00edo Nahle, Veracruz goza de estabilidad pol\u00edtica y social: Rosa Mar\u00eda Hern\u00e1ndez Espejo*"},"content":{"rendered":"\n<p><br>+++La diputada federal puntualiz\u00f3 que la ciudadan\u00eda est\u00e1 contenta con el trabajo de la presidenta y de la gobernadora del estado.<br><br>+++Desde la C\u00e1mara de Diputados seguiremos trabajando unidos en todas las \u00e1reas en favor de M\u00e9xico y Veracruz, expres\u00f3.<br><br>Veracruz, Ver. 28 de enero de 2025. A casi dos meses del inicio del gobierno de Roc\u00edo Nahle Garc\u00eda, la estabilidad pol\u00edtica y social del estado de Veracruz es una realidad, expres\u00f3 la diputada federal Rosa Mar\u00eda Hern\u00e1ndez Espejo.<br><br>Tras una reuni\u00f3n con la gobernadora Roc\u00edo Nahle, a la que fueron convocados diputados y senadores de la fracci\u00f3n morenista, la legisladora destac\u00f3 como uno de los temas clave la continuidad en el apoyo a las reformas que generen beneficios directos al pueblo de M\u00e9xico.<br><br>Hern\u00e1ndez Espejo refiri\u00f3 que la gente est\u00e1 contenta con la gobernadora y con la Presidenta de la Rep\u00fablica, \u00abhay buena gobernanza, la estabilidad pol\u00edtica se palpa, lo que nos da mucho \u00e1nimo para seguir trabajando, muy unidos, en todas las tareas que se nos vienen en materia legislativa en este periodo ordinario que comenzar\u00e1 en febrero\u201d.<br><br>Sobre la agenda legislativa, abund\u00f3: \u201cel 1 de febrero iniciamos en el Congreso de la Uni\u00f3n el segundo periodo ordinario de sesiones de este primer a\u00f1o de ejercicio legislativo y, como grupo, asumimos con plena responsabilidad la tarea de avanzar en el segundo piso de la Cuarta Transformaci\u00f3n, y en lo que toca a Veracruz, empujar para consolidar el segundo piso de la Cuarta Transformaci\u00f3n\u201d.<br><br>Adelant\u00f3 que se viene mucho trabajo con la aprobaci\u00f3n de reglamentos de reformas recientes, como las de telecomunicaciones, radiodifusi\u00f3n, Guardia Nacional, pueblos ind\u00edgenas, v\u00edas ferroviarias, empresas estrat\u00e9gicas, bienestar, vivienda, y otras m\u00e1s.<br><br>Adem\u00e1s, mencion\u00f3 que dar\u00e1n prioridad a nuevas reformas como las de ma\u00edces nativos, derechos de mujeres, prohibir la reelecci\u00f3n y el nepotismo, para que los servidores p\u00fablicos no dejen ya a esposos, hijos o familiares en los cargos p\u00fablicos; la electoral tambi\u00e9n y otras m\u00e1s, muy importantes.<br><br><br><br><br><br><br><br><br><br><br><br><br><br><br><br><br><br><br><br><br><br><br><br><\/p>\n","protected":false},"excerpt":{"rendered":"<p>+++La diputada federal puntualiz\u00f3 que la ciudadan\u00eda est\u00e1 contenta con el trabajo de la presidenta y de la gobernadora del<\/p>\n","protected":false},"author":2,"featured_media":45257,"comment_status":"open","ping_status":"open","sticky":false,"template":"","format":"standard","meta":{"colormag_page_container_layout":"default_layout","colormag_page_sidebar_layout":"default_layout","footnotes":""},"categories":[2],"tags":[],"class_list":["post-45251","post","type-post","status-publish","format-standard","has-post-thumbnail","hentry","category-infogral"],"_links":{"self":[{"href":"http:\/\/vocesver.com\/noticias\/wp-json\/wp\/v2\/posts\/45251","targetHints":{"allow":["GET"]}}],"collection":[{"href":"http:\/\/vocesver.com\/noticias\/wp-json\/wp\/v2\/posts"}],"about":[{"href":"http:\/\/vocesver.com\/noticias\/wp-json\/wp\/v2\/types\/post"}],"author":[{"embeddable":true,"href":"http:\/\/vocesver.com\/noticias\/wp-json\/wp\/v2\/users\/2"}],"replies":[{"embeddable":true,"href":"http:\/\/vocesver.com\/noticias\/wp-json\/wp\/v2\/comments?post=45251"}],"version-history":[{"count":2,"href":"http:\/\/vocesver.com\/noticias\/wp-json\/wp\/v2\/posts\/45251\/revisions"}],"predecessor-version":[{"id":45256,"href":"http:\/\/vocesver.com\/noticias\/wp-json\/wp\/v2\/posts\/45251\/revisions\/45256"}],"wp:featuredmedia":[{"embeddable":true,"href":"http:\/\/vocesver.com\/noticias\/wp-json\/wp\/v2\/media\/45257"}],"wp:attachment":[{"href":"http:\/\/vocesver.com\/noticias\/wp-json\/wp\/v2\/media?parent=45251"}],"wp:term":[{"taxonomy":"category","embeddable":true,"href":"http:\/\/vocesver.com\/noticias\/wp-json\/wp\/v2\/categories?post=45251"},{"taxonomy":"post_tag","embeddable":true,"href":"http:\/\/vocesver.com\/noticias\/wp-json\/wp\/v2\/tags?post=45251"}],"curies":[{"name":"wp","href":"https:\/\/api.w.org\/{rel}","templated":true}]}}