{"id":45246,"date":"2025-01-28T22:20:25","date_gmt":"2025-01-28T22:20:25","guid":{"rendered":"http:\/\/vocesver.com\/noticias\/?p=45246"},"modified":"2025-01-28T22:23:04","modified_gmt":"2025-01-28T22:23:04","slug":"llega-feria-de-empleo-a-tuxpan","status":"publish","type":"post","link":"http:\/\/vocesver.com\/noticias\/llega-feria-de-empleo-a-tuxpan\/","title":{"rendered":"Llega Feria de Empleo a Tuxpan"},"content":{"rendered":"\n<p>>La Secretar\u00eda de Trabajo desarrollar\u00e1 seis m\u00e1s dirigidas a mujeres.<br><br>Tuxpan, Ver., lunes 28 de enero de 2025.- Con la participaci\u00f3n de 35 empresas, el<br>Gobierno de Veracruz acerc\u00f3 225 oportunidades laborales a la poblaci\u00f3n de Tuxpan<br>en la primera Feria de Empleo del a\u00f1o.<br>A trav\u00e9s de la Secretar\u00eda de Trabajo, Previsi\u00f3n Social y Productividad (STPSP), en<br>coordinaci\u00f3n con el Servicio Nacional de Empleo (SNE) en Veracruz, los asistentes<br>contaron con un espacio de interacci\u00f3n directa con las empresas y la oportunidad de<br>presentar su perfil profesional.<br>Tambi\u00e9n dialogaron con reclutadores, exploraron opciones alineadas a sus<br>habilidades y aspiraciones, y asistieron a un taller para ser apoyados en su entrada<br>al mercado laboral formal.<br>El titular de la dependencia, Luis Arturo Santiago Mart\u00ednez, destac\u00f3 la reducci\u00f3n de<br>la tasa de desempleo en el estado, que actualmente es del 2 por ciento, por debajo de<br>la media nacional, y subray\u00f3 el impacto positivo del aumento del salario m\u00ednimo del<br>12% para la estabilidad econ\u00f3mica de las familias veracruzanas.<br>La Feria cont\u00f3 con la participaci\u00f3n de las subdelegaciones del Instituto Mexicano del<br>Seguro Social (IMSS), del Instituto del Fondo Nacional de la Vivienda para los<br>Trabajadores (INFONAVIT) de Poza Rica, as\u00ed como del Instituto Veracruzano de<br>Educaci\u00f3n para los Adultos, el Instituto de Capacitaci\u00f3n para el Trabajo (ICATVER) y<br>del Programa J\u00f3venes Construyendo el Futuro, sumados al esfuerzo del desarrollo<br>econ\u00f3mico.<br>En marzo, la dependencia estatal realizar\u00e1 seis Ferias de Empleo en diversos<br>municipios, con un enfoque especial para las mujeres, en el marco del D\u00eda<br>Internacional.<br><br><br><br><br><br><br><br><br><br><br><br><br><br><br><br><br><br><br><br><br><br><br><br><br><\/p>\n","protected":false},"excerpt":{"rendered":"<p>>La Secretar\u00eda de Trabajo desarrollar\u00e1 seis m\u00e1s dirigidas a mujeres. Tuxpan, Ver., lunes 28 de enero de 2025.- Con la<\/p>\n","protected":false},"author":2,"featured_media":45253,"comment_status":"open","ping_status":"open","sticky":false,"template":"","format":"standard","meta":{"colormag_page_container_layout":"default_layout","colormag_page_sidebar_layout":"default_layout","footnotes":""},"categories":[4],"tags":[],"class_list":["post-45246","post","type-post","status-publish","format-standard","has-post-thumbnail","hentry","category-estatal"],"_links":{"self":[{"href":"http:\/\/vocesver.com\/noticias\/wp-json\/wp\/v2\/posts\/45246","targetHints":{"allow":["GET"]}}],"collection":[{"href":"http:\/\/vocesver.com\/noticias\/wp-json\/wp\/v2\/posts"}],"about":[{"href":"http:\/\/vocesver.com\/noticias\/wp-json\/wp\/v2\/types\/post"}],"author":[{"embeddable":true,"href":"http:\/\/vocesver.com\/noticias\/wp-json\/wp\/v2\/users\/2"}],"replies":[{"embeddable":true,"href":"http:\/\/vocesver.com\/noticias\/wp-json\/wp\/v2\/comments?post=45246"}],"version-history":[{"count":2,"href":"http:\/\/vocesver.com\/noticias\/wp-json\/wp\/v2\/posts\/45246\/revisions"}],"predecessor-version":[{"id":45252,"href":"http:\/\/vocesver.com\/noticias\/wp-json\/wp\/v2\/posts\/45246\/revisions\/45252"}],"wp:featuredmedia":[{"embeddable":true,"href":"http:\/\/vocesver.com\/noticias\/wp-json\/wp\/v2\/media\/45253"}],"wp:attachment":[{"href":"http:\/\/vocesver.com\/noticias\/wp-json\/wp\/v2\/media?parent=45246"}],"wp:term":[{"taxonomy":"category","embeddable":true,"href":"http:\/\/vocesver.com\/noticias\/wp-json\/wp\/v2\/categories?post=45246"},{"taxonomy":"post_tag","embeddable":true,"href":"http:\/\/vocesver.com\/noticias\/wp-json\/wp\/v2\/tags?post=45246"}],"curies":[{"name":"wp","href":"https:\/\/api.w.org\/{rel}","templated":true}]}}