{"id":45149,"date":"2025-01-08T21:34:30","date_gmt":"2025-01-08T21:34:30","guid":{"rendered":"http:\/\/vocesver.com\/noticias\/?p=45149"},"modified":"2025-01-08T21:36:56","modified_gmt":"2025-01-08T21:36:56","slug":"rocio-nahle-impulsa-certificacion-ganadera-compromiso-con-la-sanidad-y-la-productividad","status":"publish","type":"post","link":"http:\/\/vocesver.com\/noticias\/rocio-nahle-impulsa-certificacion-ganadera-compromiso-con-la-sanidad-y-la-productividad\/","title":{"rendered":"Roc\u00edo Nahle impulsa certificaci\u00f3n ganadera, compromiso con la sanidad y la productividad"},"content":{"rendered":"\n<p>>Pr\u00f3 ximamente iniciara la campa\u00f1a c\u00f3ntra la tubercul\u00f3sis y brucel\u00f3sis.<br>>El \u00f3bjetiv\u00f3 es c\u00f3nvertir a Veracruz en un referente a nivel naci\u00f3nal.<br><br>AUSENCIO RIVERA\/V0CESVER.COM\/NOTICIAS<br>Minatitl\u00e1n, Ver., mi\u00e9rcoles 08 de enero de 2024.- La g\u00f3bernad\u00f3ra R\u00f3c\u00ed \u00f3 Nahle<br>Garc\u00ed a di\u00f3 seguimient\u00f3 a las acci\u00f3nes emprendidas en l\u00f3s rastr\u00f3s y casetas de<br>inspecci\u00f3 n z\u00f3\u00f3sanitaria, c\u00f3n el \u00f3bjetiv\u00f3 de que l\u00f3s 47 municipi\u00f3s del sur, actualmente<br>catal\u00f3gad\u00f3s c\u00f3m\u00f3 Z\u00f3na B, avancen a Z\u00f3na A.<br>En la segunda reuni\u00f3 n de trabaj\u00f3 c\u00f3n pr\u00f3duct\u00f3res, aut\u00f3ridades estatales y<br>municipales, rec\u00f3rd\u00f3 que \u00f3btener la certificaci\u00f3 n permitira , adema s de exp\u00f3rtar e<br>intercambiar ganad\u00f3, tambie n acceder a mej\u00f3res preci\u00f3s en l\u00f3s mercad\u00f3s naci\u00f3nal y<br>n\u00f3rteamerican\u00f3.<br>Ac\u00f3mpan ada p\u00f3r el secretari\u00f3 de Desarr\u00f3ll\u00f3 Agr\u00f3pecuari\u00f3, Rural y Pesca (Sedarpa),<br>R\u00f3drig\u00f3 Calder\u00f3 n Salas, menci\u00f3n\u00f3 algunas de las medidas inmediatas aplicadas, c\u00f3m\u00f3<br>la rehabilitaci\u00f3 n de tres casetas sanitarias en l\u00f3s l\u00ed mites c\u00f3n Chiapas, Oaxaca y<br>Tabasc\u00f3, para frenar la entrada del gusan\u00f3 barrenad\u00f3r.<br>Tambie n se actualizara la infraestructura c\u00f3n ma s casetas y rastr\u00f3s, y avanzara la<br>digitalizaci\u00f3 n de tra mites para facilitar el acces\u00f3 a servici\u00f3s, as\u00ed c\u00f3m\u00f3 la actualizaci\u00f3 n<br>de registr\u00f3s certificables. Para ell\u00f3, subray\u00f3 la imp\u00f3rtancia de la c\u00f3lab\u00f3raci\u00f3 n c\u00f3n<br>extensi\u00f3nistas para mej\u00f3rar l\u00f3s resultad\u00f3s.<br>Adelant\u00f3 que pr\u00f3 ximamente iniciara la campan a c\u00f3ntra la tubercul\u00f3sis y la brucel\u00f3sis,<br>c\u00f3n el \u00f3bjetiv\u00f3 de garantizar que tant\u00f3 la carne c\u00f3m\u00f3 l\u00f3s la cte\u00f3s este n libres de<br>enfermedades transmisibles al ser human\u00f3, p\u00f3sici\u00f3nand\u00f3 a Veracruz c\u00f3m\u00f3 pi\u00f3ner\u00f3 a<br>nivel naci\u00f3nal.<br>En representaci\u00f3 n del sect\u00f3r, el presidente de la Uni\u00f3 n Ganadera Regi\u00f3nal del Sur,<br>Isaac Velasc\u00f3 Garc\u00ed a, rec\u00f3n\u00f3ci\u00f3 el c\u00f3mpr\u00f3mis\u00f3 de la g\u00f3bernad\u00f3ra para mej\u00f3rar la<br>sanidad y pr\u00f3ductividad, el val\u00f3r agregad\u00f3 y la imp\u00f3rtancia de la capacitaci\u00f3 n a<br>pequen \u00f3s pr\u00f3duct\u00f3res.<br><br><br><br><br><br><br><br><br><br><br><br><br><br><br><br><br><br><br><br><br><br><br><br><br><br><\/p>\n","protected":false},"excerpt":{"rendered":"<p>>Pr\u00f3 ximamente iniciara la campa\u00f1a c\u00f3ntra la tubercul\u00f3sis y brucel\u00f3sis.>El \u00f3bjetiv\u00f3 es c\u00f3nvertir a Veracruz en un referente a nivel<\/p>\n","protected":false},"author":2,"featured_media":45155,"comment_status":"open","ping_status":"open","sticky":false,"template":"","format":"standard","meta":{"colormag_page_container_layout":"default_layout","colormag_page_sidebar_layout":"default_layout","footnotes":""},"categories":[2],"tags":[],"class_list":["post-45149","post","type-post","status-publish","format-standard","has-post-thumbnail","hentry","category-infogral"],"_links":{"self":[{"href":"http:\/\/vocesver.com\/noticias\/wp-json\/wp\/v2\/posts\/45149","targetHints":{"allow":["GET"]}}],"collection":[{"href":"http:\/\/vocesver.com\/noticias\/wp-json\/wp\/v2\/posts"}],"about":[{"href":"http:\/\/vocesver.com\/noticias\/wp-json\/wp\/v2\/types\/post"}],"author":[{"embeddable":true,"href":"http:\/\/vocesver.com\/noticias\/wp-json\/wp\/v2\/users\/2"}],"replies":[{"embeddable":true,"href":"http:\/\/vocesver.com\/noticias\/wp-json\/wp\/v2\/comments?post=45149"}],"version-history":[{"count":2,"href":"http:\/\/vocesver.com\/noticias\/wp-json\/wp\/v2\/posts\/45149\/revisions"}],"predecessor-version":[{"id":45154,"href":"http:\/\/vocesver.com\/noticias\/wp-json\/wp\/v2\/posts\/45149\/revisions\/45154"}],"wp:featuredmedia":[{"embeddable":true,"href":"http:\/\/vocesver.com\/noticias\/wp-json\/wp\/v2\/media\/45155"}],"wp:attachment":[{"href":"http:\/\/vocesver.com\/noticias\/wp-json\/wp\/v2\/media?parent=45149"}],"wp:term":[{"taxonomy":"category","embeddable":true,"href":"http:\/\/vocesver.com\/noticias\/wp-json\/wp\/v2\/categories?post=45149"},{"taxonomy":"post_tag","embeddable":true,"href":"http:\/\/vocesver.com\/noticias\/wp-json\/wp\/v2\/tags?post=45149"}],"curies":[{"name":"wp","href":"https:\/\/api.w.org\/{rel}","templated":true}]}}