{"id":45144,"date":"2025-01-08T21:25:33","date_gmt":"2025-01-08T21:25:33","guid":{"rendered":"http:\/\/vocesver.com\/noticias\/?p=45144"},"modified":"2025-01-08T21:26:46","modified_gmt":"2025-01-08T21:26:46","slug":"avanza-sedarpa-en-blindaje-contra-el-gusano-barrenador-del-ganado","status":"publish","type":"post","link":"http:\/\/vocesver.com\/noticias\/avanza-sedarpa-en-blindaje-contra-el-gusano-barrenador-del-ganado\/","title":{"rendered":"Avanza Sedarpa en blindaje contra el gusano barrenador del ganado"},"content":{"rendered":"\n<p>>Rehabilita puntos de verificaci\u00f3n de hatos provenientes de Tabasco, Chiapas y Oaxaca.<br><br>>Iniciar\u00e1 Veracruz campa\u00f1a para el barrido de tuberculosis, brucelosis y rabia.<br><br>AUASENCIO RIVERA\/VOCESVER.COM\/NOTICIAS<br><br>Minatitl\u00e1n, Ver., mi\u00e9rcoles 08 de enero de 2025.- A 37 d\u00edas de la primera reuni\u00f3n con el sector ganadero del sur, la Secretar\u00eda de Desarrollo Agropecuario, Rural y Pesca (Sedarpa) avanz\u00f3 en los compromisos establecidos en Acayucan para mantener la zona sur de la entidad libre del gusano barrenador del ganado.<br><br>El titular de la dependencia, Rodrigo Calder\u00f3n Salas, destac\u00f3 que la presencia de la gobernadora Roc\u00edo Nahle Garc\u00eda deja claro que es una mujer de palabra, de territorio, que mantiene un firme compromiso para generar bienestar y desarrollo en el estado, priorizando a los productores.<br><br>Subray\u00f3 la rehabilitaci\u00f3n hecha en los principales puntos de verificaci\u00f3n interna de hatos provenientes de Tabasco, Chiapas y Oaxaca, mediante la revisi\u00f3n documental y f\u00edsica de los animales para que no presenten heridas en las que pueda portar el gusano barrenador.<br><br>En las casetas de revisi\u00f3n Paralelo 18, en Agua Dulce; El Pedregal, en Las Choapas; y Nuevo Morelos, de Jes\u00fas Carranza, habr\u00e1 corrales y cabinas de aspersi\u00f3n; en tanto que en todos los dem\u00e1s puntos, como Suchilapan &#8211; Casa Blanca, Playa Vicente y Papaloapan, se brindar\u00e1 el servicio de inspecci\u00f3n, dio a conocer.<br><br>Anunci\u00f3 que este a\u00f1o se llevar\u00e1 a cabo la campa\u00f1a para el barrido de tuberculosis, brucelosis y rabia, que contempla 560 mil cabezas de ganado a tratar,.<br><br><br><br><br><br><br><br><br><br><br><br><br><br><br><br><br><br><br><br><br><br><br><br><br><br><br><\/p>\n","protected":false},"excerpt":{"rendered":"<p>>Rehabilita puntos de verificaci\u00f3n de hatos provenientes de Tabasco, Chiapas y Oaxaca. >Iniciar\u00e1 Veracruz campa\u00f1a para el barrido de tuberculosis,<\/p>\n","protected":false},"author":2,"featured_media":45151,"comment_status":"open","ping_status":"open","sticky":false,"template":"","format":"standard","meta":{"colormag_page_container_layout":"default_layout","colormag_page_sidebar_layout":"default_layout","footnotes":""},"categories":[4],"tags":[],"class_list":["post-45144","post","type-post","status-publish","format-standard","has-post-thumbnail","hentry","category-estatal"],"_links":{"self":[{"href":"http:\/\/vocesver.com\/noticias\/wp-json\/wp\/v2\/posts\/45144","targetHints":{"allow":["GET"]}}],"collection":[{"href":"http:\/\/vocesver.com\/noticias\/wp-json\/wp\/v2\/posts"}],"about":[{"href":"http:\/\/vocesver.com\/noticias\/wp-json\/wp\/v2\/types\/post"}],"author":[{"embeddable":true,"href":"http:\/\/vocesver.com\/noticias\/wp-json\/wp\/v2\/users\/2"}],"replies":[{"embeddable":true,"href":"http:\/\/vocesver.com\/noticias\/wp-json\/wp\/v2\/comments?post=45144"}],"version-history":[{"count":2,"href":"http:\/\/vocesver.com\/noticias\/wp-json\/wp\/v2\/posts\/45144\/revisions"}],"predecessor-version":[{"id":45150,"href":"http:\/\/vocesver.com\/noticias\/wp-json\/wp\/v2\/posts\/45144\/revisions\/45150"}],"wp:featuredmedia":[{"embeddable":true,"href":"http:\/\/vocesver.com\/noticias\/wp-json\/wp\/v2\/media\/45151"}],"wp:attachment":[{"href":"http:\/\/vocesver.com\/noticias\/wp-json\/wp\/v2\/media?parent=45144"}],"wp:term":[{"taxonomy":"category","embeddable":true,"href":"http:\/\/vocesver.com\/noticias\/wp-json\/wp\/v2\/categories?post=45144"},{"taxonomy":"post_tag","embeddable":true,"href":"http:\/\/vocesver.com\/noticias\/wp-json\/wp\/v2\/tags?post=45144"}],"curies":[{"name":"wp","href":"https:\/\/api.w.org\/{rel}","templated":true}]}}