{"id":45042,"date":"2024-12-18T23:37:39","date_gmt":"2024-12-18T23:37:39","guid":{"rendered":"http:\/\/vocesver.com\/noticias\/?p=45042"},"modified":"2024-12-18T23:56:59","modified_gmt":"2024-12-18T23:56:59","slug":"autoridades-del-itv-y-amigos-rinde-homenaje-al-matro-vicente-gonzalez-arregui","status":"publish","type":"post","link":"http:\/\/vocesver.com\/noticias\/autoridades-del-itv-y-amigos-rinde-homenaje-al-matro-vicente-gonzalez-arregui\/","title":{"rendered":"AUTORIDADES DEL ITV Y AMIGOS RINDE HOMENAJE AL MATRO.VICENTE GONZALEZ ARREGUI."},"content":{"rendered":"\n<p><br>El edificio m\u00e1s antiguo de la instituci\u00f3n lleva su nombre.<br>Sus compa\u00f1ero lo propusieron, el homenajeado agradeci\u00f3 que el reconocimiento haya sido en vida.<br> Tiene 88 a\u00f1os de edad y 67 a\u00f1os de estar dando clases.<br>AUSENCIO RIVERA\/VOCESVER.COM\/NOTICIAS<br><br><br>Veracruz,Ver.- a 18 de Diciembre 2024.-Autoridades del Instituto Tecnol\u00f3gico de Veracruz y amigos rinden en vida un merecido homenajes al Mtro. Vicente Gonz\u00e1lez Arregui al ponerle su nombre al edificio m\u00e1s antiguo de la instituci\u00f3n.<br>En entrevista el homenajeado agradeci\u00f3 de entrada a las autoridades educativas ese gran gesto que tuvieron con \u00e9l, sobre todo a todos sus compa\u00f1eros maestros quienes propusieron tal reconocimiento.<br>Record\u00f3 que dicho inmueble tiene una antiguedad de 70 a\u00f1os. Fui testigo de la colocaci\u00f3n de la primera piedras del inmueble coment\u00f3..<br>Explic\u00f3 que el edificio se inaugur\u00f3 en 1957. Comenz\u00f3 con Secundaria, Bachillerato y despu\u00e9s con estudios profesionales.<br>Entrevistado al recibir felicitaciones y abrazos navide\u00f1os de su amigo Arturo Gamboa Cruz , el galardonado a\u00f1adi\u00f3 que este edificio fue el primero en contar con aulas para la instituci\u00f3n, lo dem\u00e1s eran grupos de talleres .Todo era explanada y zacate enfatiz\u00f3.<br>Pese su edad el homenajeado sigue dando clases en el ITV \u00abporque realmente lo que me falla es una pierna, pero no el cerebro\u00bb.<br>Soy fundador de la instituci\u00f3n , tengo 67 a\u00f1os de estar aqu\u00ed. <br>Agreg\u00f3 que tienen 88 a\u00f1os de edad ,casi 89. <br>Puntualiz\u00f3 que es mejor los reconocimientos en vida. para qu\u00e9 quieres coronas y flores si ya est\u00e1s muerto. <br>Insisti\u00f3 en que fueron sus mismos compa\u00f1eros los que propusieron que ese edificio llevara su nombre como reconocimiento a su trayectoria de muchos a\u00f1os.<br>Hablar de la vida de un maestro como la m\u00eda es muy amplia.<br>Dijo que \u00e9l es veracruzano , estudi\u00f3 la primaria en la Esc. Clavijero,la preparatoria en la Esc.Esteban Morales y fue a la Facultad de Ingenier\u00eda.<br>En esta \u00faltima soy de la Segunda Generaci\u00f3n ,pero sal\u00ed con la Tercera Generaci\u00f3n.<br>Al preguntarle si no ha pensado en jubilarse y el galardondo coment\u00f3 que s\u00ed lo ha pensado ,pero gracias a Dios\u00bb tengo la energ\u00eda y el entusiasmo para segur adelante en la docencia..<br>No me siento aburrido,ni cansado y estoy dispuesto a seguir aprovechando toda esa energ\u00eda en lo que me gusta, . <br>Claro que \u00e9sta con tiempo disminuye, porque ya no es la misma cuando ten\u00edas 20 a\u00f1os .<br>Pero insisti\u00f3 yo tengo el animo de levantarme todos los d\u00edas a las 4.30 de la ma\u00f1ana y eharme un regaderazo con agua del tanque para posteriormente asistir con mucho entusiasmo a la escuela e impartir mis clases al estudiando,<br>Yo tengo dos principios fundamentales en mi vida que son;educar e instruir aspectos fundamentales para una naci\u00f3n. <br>La Educaci\u00f3n y la instrucci\u00f3n hay que entenderla y practicarla para seguir en la docencia subrray\u00f3.<br><br><br><br><br><br><br><br><br><br><br><br><br><br><br><br><br><br><br><br><br><br><br><br><br><br><br><br><br><br><br><br><br><br><br><\/p>\n","protected":false},"excerpt":{"rendered":"<p>El edificio m\u00e1s antiguo de la instituci\u00f3n lleva su nombre.Sus compa\u00f1ero lo propusieron, el homenajeado agradeci\u00f3 que el reconocimiento haya<\/p>\n","protected":false},"author":2,"featured_media":45051,"comment_status":"open","ping_status":"open","sticky":false,"template":"","format":"standard","meta":{"colormag_page_container_layout":"default_layout","colormag_page_sidebar_layout":"default_layout","footnotes":""},"categories":[2],"tags":[],"class_list":["post-45042","post","type-post","status-publish","format-standard","has-post-thumbnail","hentry","category-infogral"],"_links":{"self":[{"href":"http:\/\/vocesver.com\/noticias\/wp-json\/wp\/v2\/posts\/45042","targetHints":{"allow":["GET"]}}],"collection":[{"href":"http:\/\/vocesver.com\/noticias\/wp-json\/wp\/v2\/posts"}],"about":[{"href":"http:\/\/vocesver.com\/noticias\/wp-json\/wp\/v2\/types\/post"}],"author":[{"embeddable":true,"href":"http:\/\/vocesver.com\/noticias\/wp-json\/wp\/v2\/users\/2"}],"replies":[{"embeddable":true,"href":"http:\/\/vocesver.com\/noticias\/wp-json\/wp\/v2\/comments?post=45042"}],"version-history":[{"count":3,"href":"http:\/\/vocesver.com\/noticias\/wp-json\/wp\/v2\/posts\/45042\/revisions"}],"predecessor-version":[{"id":45053,"href":"http:\/\/vocesver.com\/noticias\/wp-json\/wp\/v2\/posts\/45042\/revisions\/45053"}],"wp:featuredmedia":[{"embeddable":true,"href":"http:\/\/vocesver.com\/noticias\/wp-json\/wp\/v2\/media\/45051"}],"wp:attachment":[{"href":"http:\/\/vocesver.com\/noticias\/wp-json\/wp\/v2\/media?parent=45042"}],"wp:term":[{"taxonomy":"category","embeddable":true,"href":"http:\/\/vocesver.com\/noticias\/wp-json\/wp\/v2\/categories?post=45042"},{"taxonomy":"post_tag","embeddable":true,"href":"http:\/\/vocesver.com\/noticias\/wp-json\/wp\/v2\/tags?post=45042"}],"curies":[{"name":"wp","href":"https:\/\/api.w.org\/{rel}","templated":true}]}}