{"id":45039,"date":"2024-12-17T22:45:58","date_gmt":"2024-12-17T22:45:58","guid":{"rendered":"http:\/\/vocesver.com\/noticias\/?p=45039"},"modified":"2024-12-17T22:47:35","modified_gmt":"2024-12-17T22:47:35","slug":"pvd-sumara-propuestas-ciudadanas-para-enriquecer-el-proyecto-estatal","status":"publish","type":"post","link":"http:\/\/vocesver.com\/noticias\/pvd-sumara-propuestas-ciudadanas-para-enriquecer-el-proyecto-estatal\/","title":{"rendered":"PVD sumar\u00e1 propuestas ciudadanas para enriquecer el proyecto estatal."},"content":{"rendered":">Realizar\u00e1n foros regionales para cubrir necesidades prioritarias de la poblaci\u00f3n.<br \/><br \/><br \/>AUSENCIO RIVERA\/VOCESVER.COM\/NOTICIAS<br \/><br \/>Xalapa, Ver., martes 17 de diciembre de 2024.- El Gobierno del Estado instal\u00f3 el Consejo Estatal para la Planeaci\u00f3n Democr\u00e1tica del Bienestar, para construir el Plan Veracruzano de Desarrollo (PVD) 2025-2030 con un enfoque inclusivo y eficiente, que responda a las demandas de la poblaci\u00f3n.<br \/><br \/>Esta nueva direcci\u00f3n trazada por la gobernadora Roc\u00edo Nahle Garc\u00eda, prioriza la coordinaci\u00f3n entre instancias gubernamentales y la participaci\u00f3n ciudadana, eliminando el uso de despachos privados, un hecho hist\u00f3rico para la administraci\u00f3n p\u00fablica.<br \/><br \/>La realizaci\u00f3n, as\u00ed como la correcta elaboraci\u00f3n del PVD, ser\u00e1n supervisadas por la jefa de la Oficina de la Gobernadora y Programa de Gobierno, Irma A\u00edda D\u00e1vila Espinoza, a fin de garantizar la democracia, transparencia y eficiencia.<br \/><br \/>El Plan ser\u00e1 elaborado por las dependencias, permitiendo un  importante ahorro de recursos p\u00fablicos y garantizando un diagn\u00f3stico de las necesidades reales, para acelerar los trabajos del segundo piso de la Cuarta Transformaci\u00f3n, expuso el secretario de Finanzas y Planeaci\u00f3n, Miguel Reyes Hern\u00e1ndez.<br \/><br \/>Adem\u00e1s, tendr\u00e1 como prioridad atender los sectores vulnerables y dirigir recursos a resolver los problemas m\u00e1s urgentes; abordar\u00e1 temas como el combate a la pobreza, equidad de g\u00e9nero, educaci\u00f3n, protecci\u00f3n, sistema de salud, protecci\u00f3n de los recursos naturales y creaci\u00f3n de infraestructura.<br \/><br \/>Los foros regionales se realizar\u00e1n en el siguiente orden: Bienestar Social, el 8 de enero en Orizaba; Econom\u00eda y Sustentabilidad, 15 en Tuxpan; Comunicaciones y Obra P\u00fablica, 22 en Boca del R\u00edo; Gobierno y seguridad, 29 en Xalapa;<br \/><br \/>Administraci\u00f3n Eficiente y Digital, el 6 de febrero en Coatzacoalcos y Participaci\u00f3n e Inclusi\u00f3n Ciudadana, 12 en Papantla, de acuerdo con el coordinador del Proceso de Elaboraci\u00f3n del PVD, Armando Rangel Gonz\u00e1lez.<br \/><br \/>Las veracruzanas y veracruzanos podr\u00e1n seguir las transmisiones en el canal de YouTube @GobVeracruz y enviar propuestas a trav\u00e9s del Formulario \u00danico en el portal https:\/\/miplan.veracruz.gob.mx\/ o las redes sociales del @Gobiernodeveracruz.<br \/><br \/><br \/><br \/><br \/><br \/><br \/><br \/><br \/><br \/><br \/><br \/><br \/><br \/><br \/><br \/><br \/><br \/><br \/><br \/><br \/><br \/><br \/>","protected":false},"excerpt":{"rendered":"<p>>Realizar\u00e1n foros regionales para cubrir necesidades prioritarias de la poblaci\u00f3n. AUSENCIO RIVERA\/VOCESVER.COM\/NOTICIAS Xalapa, Ver., martes 17 de diciembre de 2024.-<\/p>\n","protected":false},"author":2,"featured_media":45043,"comment_status":"open","ping_status":"open","sticky":false,"template":"","format":"standard","meta":{"colormag_page_container_layout":"default_layout","colormag_page_sidebar_layout":"default_layout","footnotes":""},"categories":[4],"tags":[],"class_list":["post-45039","post","type-post","status-publish","format-standard","has-post-thumbnail","hentry","category-estatal"],"_links":{"self":[{"href":"http:\/\/vocesver.com\/noticias\/wp-json\/wp\/v2\/posts\/45039","targetHints":{"allow":["GET"]}}],"collection":[{"href":"http:\/\/vocesver.com\/noticias\/wp-json\/wp\/v2\/posts"}],"about":[{"href":"http:\/\/vocesver.com\/noticias\/wp-json\/wp\/v2\/types\/post"}],"author":[{"embeddable":true,"href":"http:\/\/vocesver.com\/noticias\/wp-json\/wp\/v2\/users\/2"}],"replies":[{"embeddable":true,"href":"http:\/\/vocesver.com\/noticias\/wp-json\/wp\/v2\/comments?post=45039"}],"version-history":[{"count":1,"href":"http:\/\/vocesver.com\/noticias\/wp-json\/wp\/v2\/posts\/45039\/revisions"}],"predecessor-version":[{"id":45041,"href":"http:\/\/vocesver.com\/noticias\/wp-json\/wp\/v2\/posts\/45039\/revisions\/45041"}],"wp:featuredmedia":[{"embeddable":true,"href":"http:\/\/vocesver.com\/noticias\/wp-json\/wp\/v2\/media\/45043"}],"wp:attachment":[{"href":"http:\/\/vocesver.com\/noticias\/wp-json\/wp\/v2\/media?parent=45039"}],"wp:term":[{"taxonomy":"category","embeddable":true,"href":"http:\/\/vocesver.com\/noticias\/wp-json\/wp\/v2\/categories?post=45039"},{"taxonomy":"post_tag","embeddable":true,"href":"http:\/\/vocesver.com\/noticias\/wp-json\/wp\/v2\/tags?post=45039"}],"curies":[{"name":"wp","href":"https:\/\/api.w.org\/{rel}","templated":true}]}}