{"id":45025,"date":"2024-12-17T22:20:52","date_gmt":"2024-12-17T22:20:52","guid":{"rendered":"http:\/\/vocesver.com\/noticias\/?p=45025"},"modified":"2024-12-17T22:48:51","modified_gmt":"2024-12-17T22:48:51","slug":"gran-convivio-navideno-en-la-union-nacional-de-marineros-del-puerto-de-veracruz","status":"publish","type":"post","link":"http:\/\/vocesver.com\/noticias\/gran-convivio-navideno-en-la-union-nacional-de-marineros-del-puerto-de-veracruz\/","title":{"rendered":"Gran convivio navide\u00f1o en la Uni\u00f3n Nacional de Marineros del Puerto de Veracruz"},"content":{"rendered":"\n<p><br><br>AUSENCIO RIVERA\/VOCESVER.COM\/NOTICIAS<br><br>Veracruz, Ver.. A 17 de Diciembre 2024&#8230;Con la participaci\u00f3n de un nutrido grupo de trabajadores que pertenecen a la Uni\u00f3n Nacional de Marineros del Puerto de Veracruz se festej\u00f3 el pasada 13 de Diciembre la posada navide\u00f1a de este gremio considerado uno de los m\u00e1s importantes de M\u00e9xico.<br>Como ya es tradici\u00f3n la posada estuvo presidida por el Secretario General Honorio A.Galv\u00e1n Aguilar y otros directivos de esta organizaci\u00f3n sindical.<br>Adem\u00e1s de ofrecerse una rica comida y tamalitos t\u00edpicos de Veracruz, aguas frescas y refrescos se cont\u00f3 con la presencia del payaso \u00abFarolito\u00bb quien le puso m\u00e1s sabor al ambiente.<br>Al convivio navide\u00f1o acudi\u00f3 el Capit\u00e1n Enrique Lozano D\u00edaz inspector de ITF del Puerto de Veracruz y el Capit\u00e1n Santiago Garc\u00eda Gonz\u00e1lez de la Orden de Profesionales Mar\u00edtimos y Portuarios, Similares y Conexos.<br>Por parte del la Asociaci\u00f3n Sindical de Oficiales de M\u00e1quinas de la Marina Mercante Nacional acudi\u00f3 su secretario general I.M.N.. Enrique O. Pacheco Georges entre otras distinguidas personalidades relacionadas con el medio mar\u00edtimo.<br>Cabe mencionar que los trabajadores de este gremio mar\u00edtimo pasaron un gran d\u00eda en compa\u00f1\u00eda de sus directivos durante su posada navide\u00f1a que dur\u00f3 varias horas y en donde predomin\u00f3 un gran ambiente de camarader\u00eda y de unidad.<br>Durante la posada navide\u00f1a el dirigente sindical Honorio .A. Galv\u00e1n Aguilar aprovech\u00f3 la reuni\u00f3n para desearles a todos los trabajadores y a los empleadores una Fel\u00edz Navidad y un Pr\u00f3spero A\u00f1o Nuevo 2025..<br><br><br><br><br><br><br><br><br><br><br><br><br><br><br><br><br><br><br><br><br><br><br><br><br><br><br><br><br><\/p>\n","protected":false},"excerpt":{"rendered":"<p>AUSENCIO RIVERA\/VOCESVER.COM\/NOTICIAS Veracruz, Ver.. A 17 de Diciembre 2024&#8230;Con la participaci\u00f3n de un nutrido grupo de trabajadores que pertenecen a<\/p>\n","protected":false},"author":2,"featured_media":45032,"comment_status":"open","ping_status":"open","sticky":false,"template":"","format":"standard","meta":{"colormag_page_container_layout":"default_layout","colormag_page_sidebar_layout":"default_layout","footnotes":""},"categories":[2],"tags":[],"class_list":["post-45025","post","type-post","status-publish","format-standard","has-post-thumbnail","hentry","category-infogral"],"_links":{"self":[{"href":"http:\/\/vocesver.com\/noticias\/wp-json\/wp\/v2\/posts\/45025","targetHints":{"allow":["GET"]}}],"collection":[{"href":"http:\/\/vocesver.com\/noticias\/wp-json\/wp\/v2\/posts"}],"about":[{"href":"http:\/\/vocesver.com\/noticias\/wp-json\/wp\/v2\/types\/post"}],"author":[{"embeddable":true,"href":"http:\/\/vocesver.com\/noticias\/wp-json\/wp\/v2\/users\/2"}],"replies":[{"embeddable":true,"href":"http:\/\/vocesver.com\/noticias\/wp-json\/wp\/v2\/comments?post=45025"}],"version-history":[{"count":6,"href":"http:\/\/vocesver.com\/noticias\/wp-json\/wp\/v2\/posts\/45025\/revisions"}],"predecessor-version":[{"id":45044,"href":"http:\/\/vocesver.com\/noticias\/wp-json\/wp\/v2\/posts\/45025\/revisions\/45044"}],"wp:featuredmedia":[{"embeddable":true,"href":"http:\/\/vocesver.com\/noticias\/wp-json\/wp\/v2\/media\/45032"}],"wp:attachment":[{"href":"http:\/\/vocesver.com\/noticias\/wp-json\/wp\/v2\/media?parent=45025"}],"wp:term":[{"taxonomy":"category","embeddable":true,"href":"http:\/\/vocesver.com\/noticias\/wp-json\/wp\/v2\/categories?post=45025"},{"taxonomy":"post_tag","embeddable":true,"href":"http:\/\/vocesver.com\/noticias\/wp-json\/wp\/v2\/tags?post=45025"}],"curies":[{"name":"wp","href":"https:\/\/api.w.org\/{rel}","templated":true}]}}