{"id":44999,"date":"2024-12-16T21:43:03","date_gmt":"2024-12-16T21:43:03","guid":{"rendered":"http:\/\/vocesver.com\/noticias\/?p=44999"},"modified":"2024-12-16T21:45:05","modified_gmt":"2024-12-16T21:45:05","slug":"los-sindicatos-no-se-quedan-atras-en-la-era-digital-e-inteligencia-artificial-2","status":"publish","type":"post","link":"http:\/\/vocesver.com\/noticias\/los-sindicatos-no-se-quedan-atras-en-la-era-digital-e-inteligencia-artificial-2\/","title":{"rendered":"*Los Sindicatos No Se Quedan Atr\u00e1s en la Era Digital e Inteligencia Artificial*"},"content":{"rendered":"AUSENCIO RIVERA\/VOCESVER.COM\/NOTICIAS<br \/><br \/>Veracruz, Ver.A 16 DE DICIEMBRE 2024. &#8211;<br \/>En un mundo donde la tecnolog\u00eda avanza a pasos agigantados, los sindicatos han demostrado que no son ajenos a los cambios que definen la era digital.<br \/>Al respecto el ingeniero<br \/>  Luis Armas Cangas CEO del Grupo Sianet afirm\u00f3 que lejos de quedarse rezagados, estas organizaciones est\u00e1n adoptando herramientas tecnol\u00f3gicas e inteligencia artificial (IA) para mejorar su gesti\u00f3n interna, la defensa de los derechos laborales y su impacto social.     -Preparados para los Retos del Futuro-<br \/>Al hablar sobre este tema ante diversos dirigentes sindicales, ARMAS Cangas se\u00f1al\u00f3 que los l\u00edderes sindicales reconocen que el futuro laboral requiere adaptabilidad. En respuesta, han impulsado programas de capacitaci\u00f3n en habilidades digitales, desde el uso de software especializado hasta competencias en ciberseguridad y manejo de tecnolog\u00eda avanzada. Estas iniciativas buscan garantizar que los trabajadores no solo mantengan su relevancia en el mercado laboral, sino que tambi\u00e9n contribuyan a su transformaci\u00f3n.        -Un Futuro Prometedor-<br \/>Con la digitalizaci\u00f3n y la inteligencia artificial como aliados, los sindicatos est\u00e1n demostrando que pueden ser protagonistas en la nueva era laboral. Su capacidad para adaptarse, innovar y liderar en el uso de tecnolog\u00edas emergentes garantiza que estar\u00e1n preparados para enfrentar los retos del futuro, asegurando que ning\u00fan trabajador quede atr\u00e1s.<br \/><br \/>La transformaci\u00f3n digital no solo es una oportunidad para los sindicatos, sino una necesidad que ya est\u00e1 marcando la diferencia en la vida laboral de millones de personas subrray\u00f3 el especialistas en estos temas..<br \/><br \/><br \/><br \/><br \/><br \/><br \/><br \/><br \/><br \/><br \/><br \/><br \/><br \/><br \/><br \/><br \/><br \/><br \/><br \/><br \/><br \/><br \/><br \/><br \/><br \/>","protected":false},"excerpt":{"rendered":"<p>AUSENCIO RIVERA\/VOCESVER.COM\/NOTICIAS Veracruz, Ver.A 16 DE DICIEMBRE 2024. &#8211;En un mundo donde la tecnolog\u00eda avanza a pasos agigantados, los sindicatos<\/p>\n","protected":false},"author":2,"featured_media":45008,"comment_status":"open","ping_status":"open","sticky":false,"template":"","format":"standard","meta":{"colormag_page_container_layout":"default_layout","colormag_page_sidebar_layout":"default_layout","footnotes":""},"categories":[2],"tags":[],"class_list":["post-44999","post","type-post","status-publish","format-standard","has-post-thumbnail","hentry","category-infogral"],"_links":{"self":[{"href":"http:\/\/vocesver.com\/noticias\/wp-json\/wp\/v2\/posts\/44999","targetHints":{"allow":["GET"]}}],"collection":[{"href":"http:\/\/vocesver.com\/noticias\/wp-json\/wp\/v2\/posts"}],"about":[{"href":"http:\/\/vocesver.com\/noticias\/wp-json\/wp\/v2\/types\/post"}],"author":[{"embeddable":true,"href":"http:\/\/vocesver.com\/noticias\/wp-json\/wp\/v2\/users\/2"}],"replies":[{"embeddable":true,"href":"http:\/\/vocesver.com\/noticias\/wp-json\/wp\/v2\/comments?post=44999"}],"version-history":[{"count":1,"href":"http:\/\/vocesver.com\/noticias\/wp-json\/wp\/v2\/posts\/44999\/revisions"}],"predecessor-version":[{"id":45006,"href":"http:\/\/vocesver.com\/noticias\/wp-json\/wp\/v2\/posts\/44999\/revisions\/45006"}],"wp:featuredmedia":[{"embeddable":true,"href":"http:\/\/vocesver.com\/noticias\/wp-json\/wp\/v2\/media\/45008"}],"wp:attachment":[{"href":"http:\/\/vocesver.com\/noticias\/wp-json\/wp\/v2\/media?parent=44999"}],"wp:term":[{"taxonomy":"category","embeddable":true,"href":"http:\/\/vocesver.com\/noticias\/wp-json\/wp\/v2\/categories?post=44999"},{"taxonomy":"post_tag","embeddable":true,"href":"http:\/\/vocesver.com\/noticias\/wp-json\/wp\/v2\/tags?post=44999"}],"curies":[{"name":"wp","href":"https:\/\/api.w.org\/{rel}","templated":true}]}}