{"id":44929,"date":"2024-12-04T22:36:27","date_gmt":"2024-12-04T22:36:27","guid":{"rendered":"http:\/\/vocesver.com\/noticias\/?p=44929"},"modified":"2024-12-04T22:46:15","modified_gmt":"2024-12-04T22:46:15","slug":"se-adelanta-la-rama-en-el-puerto-jarocho","status":"publish","type":"post","link":"http:\/\/vocesver.com\/noticias\/se-adelanta-la-rama-en-el-puerto-jarocho\/","title":{"rendered":"SE ADELANTA LA RAMA EN EL PUERTO JAROCHO."},"content":{"rendered":"\n<p>Un grupo de estudiantes  llegaron al Gran caf\u00e9 del Portal llevado la tradicional rama la ma\u00f1ana de este miercoles.<br><br>REDACCI\u00d3N\/VOCESVER.COM\/NOTICIAS<br><br>Veracruz,Ver.- a  4 de Diciembre 2024.- La ma\u00f1ana de este mi\u00e9rcoles un grupo de estudiantes de conocida escuela de la Ciudad de Veracruz se aparecieron por conocido caf\u00e9 de este puerto llevando la tradicional rama y cantando algunos villancicos propios de la temporada. Foto Ausencio RIVERA.<br><br><br><br><br><br><br><br><br><br><br><br><br><br><br><br><br><br><br><br><\/p>\n","protected":false},"excerpt":{"rendered":"<p>Un grupo de estudiantes llegaron al Gran caf\u00e9 del Portal llevado la tradicional rama la ma\u00f1ana de este miercoles. REDACCI\u00d3N\/VOCESVER.COM\/NOTICIAS<\/p>\n","protected":false},"author":2,"featured_media":44935,"comment_status":"open","ping_status":"open","sticky":false,"template":"","format":"standard","meta":{"colormag_page_container_layout":"default_layout","colormag_page_sidebar_layout":"default_layout","footnotes":""},"categories":[2],"tags":[],"class_list":["post-44929","post","type-post","status-publish","format-standard","has-post-thumbnail","hentry","category-infogral"],"_links":{"self":[{"href":"http:\/\/vocesver.com\/noticias\/wp-json\/wp\/v2\/posts\/44929","targetHints":{"allow":["GET"]}}],"collection":[{"href":"http:\/\/vocesver.com\/noticias\/wp-json\/wp\/v2\/posts"}],"about":[{"href":"http:\/\/vocesver.com\/noticias\/wp-json\/wp\/v2\/types\/post"}],"author":[{"embeddable":true,"href":"http:\/\/vocesver.com\/noticias\/wp-json\/wp\/v2\/users\/2"}],"replies":[{"embeddable":true,"href":"http:\/\/vocesver.com\/noticias\/wp-json\/wp\/v2\/comments?post=44929"}],"version-history":[{"count":2,"href":"http:\/\/vocesver.com\/noticias\/wp-json\/wp\/v2\/posts\/44929\/revisions"}],"predecessor-version":[{"id":44934,"href":"http:\/\/vocesver.com\/noticias\/wp-json\/wp\/v2\/posts\/44929\/revisions\/44934"}],"wp:featuredmedia":[{"embeddable":true,"href":"http:\/\/vocesver.com\/noticias\/wp-json\/wp\/v2\/media\/44935"}],"wp:attachment":[{"href":"http:\/\/vocesver.com\/noticias\/wp-json\/wp\/v2\/media?parent=44929"}],"wp:term":[{"taxonomy":"category","embeddable":true,"href":"http:\/\/vocesver.com\/noticias\/wp-json\/wp\/v2\/categories?post=44929"},{"taxonomy":"post_tag","embeddable":true,"href":"http:\/\/vocesver.com\/noticias\/wp-json\/wp\/v2\/tags?post=44929"}],"curies":[{"name":"wp","href":"https:\/\/api.w.org\/{rel}","templated":true}]}}