{"id":44919,"date":"2024-12-04T22:14:19","date_gmt":"2024-12-04T22:14:19","guid":{"rendered":"http:\/\/vocesver.com\/noticias\/?p=44919"},"modified":"2024-12-04T22:18:00","modified_gmt":"2024-12-04T22:18:00","slug":"rocio-nahle-invita-a-celebrar-el-fin-de-ano-con-la-tradicion-de-el-viejo","status":"publish","type":"post","link":"http:\/\/vocesver.com\/noticias\/rocio-nahle-invita-a-celebrar-el-fin-de-ano-con-la-tradicion-de-el-viejo\/","title":{"rendered":"Roc\u00edo Nahle invita a celebrar el fin de a\u00f1o con la tradici\u00f3n de El Viejo"},"content":{"rendered":"\n<p><br>>Promete una experiencia inolvidable para despedir el 2024.<br>>Veracruz est\u00e1 de moda, estrategia de promoci\u00f3n tur\u00edstica sexenal.<br><br><br>AUSENCIO RIVERA\/VOCESVER.COM\/NOTICIAS<br>Xalapa, Ver., mi\u00e9rcoles 04 de diciembre de 2024.- En entrevista en el noticiero \u201cPunto de Referencia\u201d de Canal Once, la gobernadora Roc\u00edo Nahle present\u00f3 la campa\u00f1a _Despide el a\u00f1o viejo_, tradici\u00f3n veracruzana que busca atraer a turistas nacionales e internacionales para vivir una experiencia \u00fanica en las celebraciones de fin de a\u00f1o.<br><br>\u201cEs muy especial, las personas se disfrazan para despedir al a\u00f1o que termina, y queremos promoverla como un atractivo que permita a todos disfrutar de esta experiencia inolvidable\u201d, destac\u00f3 la mandataria.<br><br>Roc\u00edo Nahle invit\u00f3 a mexicanos y visitantes extranjeros a ser parte de las festividades decembrinas, incluyendo la cena de Navidad y el recibimiento del primer amanecer de 2025 en un ambiente lleno de calidez, m\u00fasica y alegr\u00eda; \u201caqu\u00ed, todos son bienvenidos\u201d, enfatiz\u00f3.<br><br>La Gobernadora record\u00f3 que su administraci\u00f3n impulsa la estrategia _Veracruz est\u00e1 de moda_, dise\u00f1ada para posicionar al estado y para ello la realizaci\u00f3n de 12 eventos, entre \u00e9stos Cumbre Taj\u00edn, el Carnaval de Veracruz y el Salsa Fest.<br><br>\u201cVeracruz est\u00e1 de moda y lo estar\u00e1 por los pr\u00f3ximos seis a\u00f1os\u201d, concluy\u00f3 Roc\u00edo Nahle, reafirmando su compromiso con el desarrollo tur\u00edstico y cultural por amor a Veracruz.<br><br><br><br><br><br><br><br><br><br><br><br><br><br><br><br><br><br><br><br><br><br><br><br><\/p>\n","protected":false},"excerpt":{"rendered":"<p>>Promete una experiencia inolvidable para despedir el 2024.>Veracruz est\u00e1 de moda, estrategia de promoci\u00f3n tur\u00edstica sexenal. AUSENCIO RIVERA\/VOCESVER.COM\/NOTICIASXalapa, Ver., mi\u00e9rcoles<\/p>\n","protected":false},"author":2,"featured_media":44927,"comment_status":"open","ping_status":"open","sticky":false,"template":"","format":"standard","meta":{"colormag_page_container_layout":"default_layout","colormag_page_sidebar_layout":"default_layout","footnotes":""},"categories":[2],"tags":[],"class_list":["post-44919","post","type-post","status-publish","format-standard","has-post-thumbnail","hentry","category-infogral"],"_links":{"self":[{"href":"http:\/\/vocesver.com\/noticias\/wp-json\/wp\/v2\/posts\/44919","targetHints":{"allow":["GET"]}}],"collection":[{"href":"http:\/\/vocesver.com\/noticias\/wp-json\/wp\/v2\/posts"}],"about":[{"href":"http:\/\/vocesver.com\/noticias\/wp-json\/wp\/v2\/types\/post"}],"author":[{"embeddable":true,"href":"http:\/\/vocesver.com\/noticias\/wp-json\/wp\/v2\/users\/2"}],"replies":[{"embeddable":true,"href":"http:\/\/vocesver.com\/noticias\/wp-json\/wp\/v2\/comments?post=44919"}],"version-history":[{"count":3,"href":"http:\/\/vocesver.com\/noticias\/wp-json\/wp\/v2\/posts\/44919\/revisions"}],"predecessor-version":[{"id":44926,"href":"http:\/\/vocesver.com\/noticias\/wp-json\/wp\/v2\/posts\/44919\/revisions\/44926"}],"wp:featuredmedia":[{"embeddable":true,"href":"http:\/\/vocesver.com\/noticias\/wp-json\/wp\/v2\/media\/44927"}],"wp:attachment":[{"href":"http:\/\/vocesver.com\/noticias\/wp-json\/wp\/v2\/media?parent=44919"}],"wp:term":[{"taxonomy":"category","embeddable":true,"href":"http:\/\/vocesver.com\/noticias\/wp-json\/wp\/v2\/categories?post=44919"},{"taxonomy":"post_tag","embeddable":true,"href":"http:\/\/vocesver.com\/noticias\/wp-json\/wp\/v2\/tags?post=44919"}],"curies":[{"name":"wp","href":"https:\/\/api.w.org\/{rel}","templated":true}]}}