{"id":44916,"date":"2024-12-04T22:06:10","date_gmt":"2024-12-04T22:06:10","guid":{"rendered":"http:\/\/vocesver.com\/noticias\/?p=44916"},"modified":"2024-12-04T22:08:47","modified_gmt":"2024-12-04T22:08:47","slug":"invitan-a-interesante-conferencia-en-colegio-de-marinos-para-el-14-de-diciembre","status":"publish","type":"post","link":"http:\/\/vocesver.com\/noticias\/invitan-a-interesante-conferencia-en-colegio-de-marinos-para-el-14-de-diciembre\/","title":{"rendered":"Invitan a interesante conferencia en Colegio de Marinos, para el 14 de Diciembre."},"content":{"rendered":"\n<p>Ausencio Rivera\/Vocesver. com\/noticias<br><br>Veracruz, Ver.. A 4 de Diciembre 2024.<br>Estimados socios, colegas y amigos del Colegio de Marinos Mercantes de Veracruz, se les invita cordialmente a la interesante Conferencia:<br>*\u00bbPorque no evoluciona la Marina Mercante Mexicana\u00bb* Breve historia para encontrar soluciones&#8230;presentada por el Cap.Alt. Luis Jorge D\u00edaz Trevi\u00f1o el dia *s\u00e1bado 14 de diciembre a las 1200 hrs.* en la sede del Colegio de Marinos de Veracruz&#8230;.al finalizar esta, tendremos el convivi\u00f3 de celebraci\u00f3n de las fiestas de fin de a\u00f1o con una comida y brindis con los asistentes ..<br>Favor de confirmar asistencia con la Sra.Julia secretaria del Colegio.<br><br><br><br><br><br><br><br><br><br><br><br><br><br><br><br><br><br><br><br><br><br><br><br><\/p>\n","protected":false},"excerpt":{"rendered":"<p>Ausencio Rivera\/Vocesver. com\/noticias Veracruz, Ver.. A 4 de Diciembre 2024.Estimados socios, colegas y amigos del Colegio de Marinos Mercantes de<\/p>\n","protected":false},"author":2,"featured_media":44921,"comment_status":"open","ping_status":"open","sticky":false,"template":"","format":"standard","meta":{"colormag_page_container_layout":"default_layout","colormag_page_sidebar_layout":"default_layout","footnotes":""},"categories":[2],"tags":[],"class_list":["post-44916","post","type-post","status-publish","format-standard","has-post-thumbnail","hentry","category-infogral"],"_links":{"self":[{"href":"http:\/\/vocesver.com\/noticias\/wp-json\/wp\/v2\/posts\/44916","targetHints":{"allow":["GET"]}}],"collection":[{"href":"http:\/\/vocesver.com\/noticias\/wp-json\/wp\/v2\/posts"}],"about":[{"href":"http:\/\/vocesver.com\/noticias\/wp-json\/wp\/v2\/types\/post"}],"author":[{"embeddable":true,"href":"http:\/\/vocesver.com\/noticias\/wp-json\/wp\/v2\/users\/2"}],"replies":[{"embeddable":true,"href":"http:\/\/vocesver.com\/noticias\/wp-json\/wp\/v2\/comments?post=44916"}],"version-history":[{"count":3,"href":"http:\/\/vocesver.com\/noticias\/wp-json\/wp\/v2\/posts\/44916\/revisions"}],"predecessor-version":[{"id":44922,"href":"http:\/\/vocesver.com\/noticias\/wp-json\/wp\/v2\/posts\/44916\/revisions\/44922"}],"wp:featuredmedia":[{"embeddable":true,"href":"http:\/\/vocesver.com\/noticias\/wp-json\/wp\/v2\/media\/44921"}],"wp:attachment":[{"href":"http:\/\/vocesver.com\/noticias\/wp-json\/wp\/v2\/media?parent=44916"}],"wp:term":[{"taxonomy":"category","embeddable":true,"href":"http:\/\/vocesver.com\/noticias\/wp-json\/wp\/v2\/categories?post=44916"},{"taxonomy":"post_tag","embeddable":true,"href":"http:\/\/vocesver.com\/noticias\/wp-json\/wp\/v2\/tags?post=44916"}],"curies":[{"name":"wp","href":"https:\/\/api.w.org\/{rel}","templated":true}]}}