{"id":44912,"date":"2024-12-04T21:58:04","date_gmt":"2024-12-04T21:58:04","guid":{"rendered":"http:\/\/vocesver.com\/noticias\/?p=44912"},"modified":"2024-12-04T21:58:05","modified_gmt":"2024-12-04T21:58:05","slug":"fundadores-de-morena-respaldan-trabajo-de-rosa-maria-hernandez-espejo","status":"publish","type":"post","link":"http:\/\/vocesver.com\/noticias\/fundadores-de-morena-respaldan-trabajo-de-rosa-maria-hernandez-espejo\/","title":{"rendered":"Fundadores de Morena respaldan trabajo de Rosa Mar\u00eda Hern\u00e1ndez Espejo"},"content":{"rendered":"REDACCION\/VOCESVER.COM\/NOTICIAS<br \/>Veracruz,Ver.-. a 4 deDiciembre 2024.-<br \/>Jaime Bautista S\u00e1nchez, militante y fundador de las bases de Morena en el municipio de Veracruz, respald\u00f3 el trabajo social y legislativo de la diputada federal Rosa Mar\u00eda Hern\u00e1ndez Espejo.<br \/>\u201cLo que s\u00ed les comento, hay una simpat\u00eda por Rosa Mar\u00eda Hern\u00e1ndez Espejo, por ella, que est\u00e1 caminando por las colonias\u201d, resaltando su cercan\u00eda de muchos a\u00f1os atr\u00e1s con los ciudadanos, no de ahora.<br \/>Por lo que consider\u00f3 que ante la pr\u00f3xima elecci\u00f3n, la candidata ideal para la presidencia municipal por el Movimiento de Regeneraci\u00f3n Nacional es la legisladora Rosa Mar\u00eda Hern\u00e1ndez Espejo, pues ella representa la lucha social y de la izquierda veracruzana.<br \/>Bautista S\u00e1nchez, se\u00f1al\u00f3 que ante el abandono que vive la militancia por parte de la diligencia estatal, han tomado la decisi\u00f3n de reagruparse e iniciar nuevamente su lucha por el bienestar de los jarochos.<br \/>\u201cA partir de hoy estamos comenzando a luchar nuevamente para en un momento tratar de ganar la alcald\u00eda de Veracruz, nos falta eso\u201d.<br \/>Reconoci\u00f3 que actualmente se encuentran molestos ante la llegada de \u201cmuchos cachirulos\u201d al movimiento, algunos de ellos con aspiraciones electorales, dejando fuera a quienes desde el d\u00eda uno, se integraron a Morena y a la lucha de Andr\u00e9s Manuel L\u00f3pez Obrador .<br \/>\u201cYo veo que est\u00e1n entrando mucha gente, pero no est\u00e1n afiliados,  \u00bfpor qu\u00e9 les dan tanto?\u201d.<br \/>Se\u00f1al\u00f3 que Esteban Ram\u00edrez Zepeta, dirigente estatal de Morena, est\u00e1 dando prioridad a personajes de otros partidos que no consiguieron candidaturas y ahora ven una oportunidad en la izquierda<br \/>\u201cCon Esteban Ram\u00edrez Zepeta no nos llevamos bien, porque \u00e9l le est\u00e1 dando prioridad a los cachirules, los est\u00e1n apoyando, y a los de las bases, nada\u201d, finaliz\u00f3.<br \/><br \/><br \/><br \/><br \/><br \/><br \/><br \/><br \/><br \/><br \/><br \/><br \/><br \/><br \/><br \/><br \/><br \/><br \/><br \/><br \/><br \/><br \/><br \/><br \/><br \/><br \/><br \/><br \/><br \/><br \/><br \/><br \/><br \/><br \/><br \/><br \/><br \/><br \/><br \/><br \/><br \/><br \/>","protected":false},"excerpt":{"rendered":"<p>REDACCION\/VOCESVER.COM\/NOTICIASVeracruz,Ver.-. a 4 deDiciembre 2024.-Jaime Bautista S\u00e1nchez, militante y fundador de las bases de Morena en el municipio de Veracruz,<\/p>\n","protected":false},"author":2,"featured_media":44917,"comment_status":"open","ping_status":"open","sticky":false,"template":"","format":"standard","meta":{"colormag_page_container_layout":"default_layout","colormag_page_sidebar_layout":"default_layout","footnotes":""},"categories":[2],"tags":[],"class_list":["post-44912","post","type-post","status-publish","format-standard","has-post-thumbnail","hentry","category-infogral"],"_links":{"self":[{"href":"http:\/\/vocesver.com\/noticias\/wp-json\/wp\/v2\/posts\/44912","targetHints":{"allow":["GET"]}}],"collection":[{"href":"http:\/\/vocesver.com\/noticias\/wp-json\/wp\/v2\/posts"}],"about":[{"href":"http:\/\/vocesver.com\/noticias\/wp-json\/wp\/v2\/types\/post"}],"author":[{"embeddable":true,"href":"http:\/\/vocesver.com\/noticias\/wp-json\/wp\/v2\/users\/2"}],"replies":[{"embeddable":true,"href":"http:\/\/vocesver.com\/noticias\/wp-json\/wp\/v2\/comments?post=44912"}],"version-history":[{"count":1,"href":"http:\/\/vocesver.com\/noticias\/wp-json\/wp\/v2\/posts\/44912\/revisions"}],"predecessor-version":[{"id":44915,"href":"http:\/\/vocesver.com\/noticias\/wp-json\/wp\/v2\/posts\/44912\/revisions\/44915"}],"wp:featuredmedia":[{"embeddable":true,"href":"http:\/\/vocesver.com\/noticias\/wp-json\/wp\/v2\/media\/44917"}],"wp:attachment":[{"href":"http:\/\/vocesver.com\/noticias\/wp-json\/wp\/v2\/media?parent=44912"}],"wp:term":[{"taxonomy":"category","embeddable":true,"href":"http:\/\/vocesver.com\/noticias\/wp-json\/wp\/v2\/categories?post=44912"},{"taxonomy":"post_tag","embeddable":true,"href":"http:\/\/vocesver.com\/noticias\/wp-json\/wp\/v2\/tags?post=44912"}],"curies":[{"name":"wp","href":"https:\/\/api.w.org\/{rel}","templated":true}]}}