{"id":44861,"date":"2024-11-26T21:14:24","date_gmt":"2024-11-26T21:14:24","guid":{"rendered":"http:\/\/vocesver.com\/noticias\/?p=44861"},"modified":"2024-11-26T21:19:33","modified_gmt":"2024-11-26T21:19:33","slug":"corriente-democratica-progresista-se-declara-lista-para-los-proximos-procesos-electoralesgonzalez-gudino","status":"publish","type":"post","link":"http:\/\/vocesver.com\/noticias\/corriente-democratica-progresista-se-declara-lista-para-los-proximos-procesos-electoralesgonzalez-gudino\/","title":{"rendered":"CORRIENTE DEMOCR\u00c1TICA PROGRESISTA SE DECLARA LISTA PARA LOS  PR\u00d3XIMOS PROCESOS ELECTORALES:GONZ\u00c1LEZ  GUDI\u00d1O."},"content":{"rendered":"\n<p><br><br>Se reunir\u00e1n con  el Delegado Nacional Juan Jos\u00e9 Castro para trabajar unidos.<br><br>AUSENCIO RIVERA\/VOCESVER.COM\/NOTICIAS<br>Veracruz, Ver.. A 26 de Noviembre 2024.-Integrantes de la  Corriente Democr\u00e1tica Progresista que dirige a nivel nacional el ingeniero Miguel Angel Gonz\u00e1lez Gudi\u00f1o se declar\u00f3 lista con sus militantes y simpatizantes para participar en los pr\u00f3ximos procesos electorales donde participar\u00e1 el Partido Revolucionario Institucional.<br>Entrevistado en Xalapa al asistir a la reuni\u00f3n que presidi\u00f3 la dirigencia del PRI Veracruz conformada por Adolfo Ram\u00edrez Arana y la Diputada Federal Lorena Pign\u00f3n quienes recibieron al delegado nacional Juan Jos\u00e9 Castro junto a los delegados Alfredo Quiroz, Norma Ponce y V\u00edctor Saucedo los cuales se comprometieron a trabajar en equipo para fortalecer al priismo veracruzano y asegurar la victoria en las pr\u00f3ximas elecciones.<br><br>Ah\u00ed el presidente de esta corriente manifest\u00f3 que solicitar\u00e1n de inmediato una reuni\u00f3n al delegado nacional del PRI Juan Jos\u00e9 Castro para manifestarle que est\u00e1n listo para trabajar en beneficio del partido y de todos los candidatos que participen en este proceso electoral para llevarlos al triunfo.<br><br>Dijo que \u00e9sta organizaci\u00f3n priista no solo cuenta con militantes y simpatizantes en el Estado de Veracruz sino en todo los estados del pa\u00eds.<br>Para cualquier informaci\u00f3n comunicarse el tel\u00e9fono celular 525530590383 dijo.<br><br><br><br><br><br><br><br><br><br><br><br><br><br><br><br><br><br><br><br><br><br><br><br><br><br><br><br><\/p>\n","protected":false},"excerpt":{"rendered":"<p>Se reunir\u00e1n con el Delegado Nacional Juan Jos\u00e9 Castro para trabajar unidos. AUSENCIO RIVERA\/VOCESVER.COM\/NOTICIASVeracruz, Ver.. A 26 de Noviembre 2024.-Integrantes<\/p>\n","protected":false},"author":2,"featured_media":44878,"comment_status":"open","ping_status":"open","sticky":false,"template":"","format":"standard","meta":{"colormag_page_container_layout":"default_layout","colormag_page_sidebar_layout":"default_layout","footnotes":""},"categories":[2],"tags":[],"class_list":["post-44861","post","type-post","status-publish","format-standard","has-post-thumbnail","hentry","category-infogral"],"_links":{"self":[{"href":"http:\/\/vocesver.com\/noticias\/wp-json\/wp\/v2\/posts\/44861","targetHints":{"allow":["GET"]}}],"collection":[{"href":"http:\/\/vocesver.com\/noticias\/wp-json\/wp\/v2\/posts"}],"about":[{"href":"http:\/\/vocesver.com\/noticias\/wp-json\/wp\/v2\/types\/post"}],"author":[{"embeddable":true,"href":"http:\/\/vocesver.com\/noticias\/wp-json\/wp\/v2\/users\/2"}],"replies":[{"embeddable":true,"href":"http:\/\/vocesver.com\/noticias\/wp-json\/wp\/v2\/comments?post=44861"}],"version-history":[{"count":3,"href":"http:\/\/vocesver.com\/noticias\/wp-json\/wp\/v2\/posts\/44861\/revisions"}],"predecessor-version":[{"id":44877,"href":"http:\/\/vocesver.com\/noticias\/wp-json\/wp\/v2\/posts\/44861\/revisions\/44877"}],"wp:featuredmedia":[{"embeddable":true,"href":"http:\/\/vocesver.com\/noticias\/wp-json\/wp\/v2\/media\/44878"}],"wp:attachment":[{"href":"http:\/\/vocesver.com\/noticias\/wp-json\/wp\/v2\/media?parent=44861"}],"wp:term":[{"taxonomy":"category","embeddable":true,"href":"http:\/\/vocesver.com\/noticias\/wp-json\/wp\/v2\/categories?post=44861"},{"taxonomy":"post_tag","embeddable":true,"href":"http:\/\/vocesver.com\/noticias\/wp-json\/wp\/v2\/tags?post=44861"}],"curies":[{"name":"wp","href":"https:\/\/api.w.org\/{rel}","templated":true}]}}