{"id":44857,"date":"2024-11-25T22:07:11","date_gmt":"2024-11-25T22:07:11","guid":{"rendered":"http:\/\/vocesver.com\/noticias\/?p=44857"},"modified":"2024-11-25T22:17:42","modified_gmt":"2024-11-25T22:17:42","slug":"zopilotes-merodean-el-centro-historico-de-veracruz","status":"publish","type":"post","link":"http:\/\/vocesver.com\/noticias\/zopilotes-merodean-el-centro-historico-de-veracruz\/","title":{"rendered":"\u00abZOPILOTES\u00bb MERODEAN EL CENTRO HIST\u00d3RICO DE VERACRUZ"},"content":{"rendered":"\n<p>La ma\u00f1ana de este lunes se aparecieron dos de ellos en un edificio del Centro de la Ciudad.<br><br><br><br>AUSENCIO RIVERA\/VOCESVER.COM\/NOTICIAS<br><br>Veracruz,Ver,. a 25 de Noviembre 2024.- Veracruz, Ver.. A 25 de Noviembre 2024.. Aunque parezca incre\u00edble, esta ma\u00f1ana se observar\u00f3n dos zopilotes parados en balcones de un edificio del Centro Hist\u00f3rico de la Ciudad de Veracruz&#8230; El edificio se ubica frente al callej\u00f3n. J. J. Herrera de esta Ciudad.<br>Adultos mayores que se percataron de la presencia de estas aves negras se\u00f1alaron que era extra\u00f1o que estos zopilotes estuvieran ah\u00ed apostados.<br>Generalmente estos animales carro\u00f1eros se aparecen cuando huele a animal muerto coment\u00f3 otra persona que se percat\u00f3 de la presencia de estas aves de color negro.<\/p>\n\n\n\n<p>Algunos otro ciudadanois que tambi\u00e9n se dieron cuenta de estas aves manifestaron que lamentablemente en el Centro Hist\u00f3rico existen muchos edificios ruinosos que adem\u00e1s de estar en el abandono, muchos de estos se encuentra llenos de maleza que ninguna autoridad municipal o estatal hacen algo por obligar a los due\u00f1os que los limpien para que dejen de ser um verdadero foco de contaminaci\u00f3n y de riesgo inminente para los veracruzanos y turistas que nos visitan en periodos vacacionales,.<br><br><br><br><br><br><br><br><br><br><br><br><br><br><br><br><br><br><br><\/p>\n","protected":false},"excerpt":{"rendered":"<p>La ma\u00f1ana de este lunes se aparecieron dos de ellos en un edificio del Centro de la Ciudad. AUSENCIO RIVERA\/VOCESVER.COM\/NOTICIAS<\/p>\n","protected":false},"author":2,"featured_media":44866,"comment_status":"open","ping_status":"open","sticky":false,"template":"","format":"standard","meta":{"colormag_page_container_layout":"default_layout","colormag_page_sidebar_layout":"default_layout","footnotes":""},"categories":[2],"tags":[],"class_list":["post-44857","post","type-post","status-publish","format-standard","has-post-thumbnail","hentry","category-infogral"],"_links":{"self":[{"href":"http:\/\/vocesver.com\/noticias\/wp-json\/wp\/v2\/posts\/44857","targetHints":{"allow":["GET"]}}],"collection":[{"href":"http:\/\/vocesver.com\/noticias\/wp-json\/wp\/v2\/posts"}],"about":[{"href":"http:\/\/vocesver.com\/noticias\/wp-json\/wp\/v2\/types\/post"}],"author":[{"embeddable":true,"href":"http:\/\/vocesver.com\/noticias\/wp-json\/wp\/v2\/users\/2"}],"replies":[{"embeddable":true,"href":"http:\/\/vocesver.com\/noticias\/wp-json\/wp\/v2\/comments?post=44857"}],"version-history":[{"count":5,"href":"http:\/\/vocesver.com\/noticias\/wp-json\/wp\/v2\/posts\/44857\/revisions"}],"predecessor-version":[{"id":44868,"href":"http:\/\/vocesver.com\/noticias\/wp-json\/wp\/v2\/posts\/44857\/revisions\/44868"}],"wp:featuredmedia":[{"embeddable":true,"href":"http:\/\/vocesver.com\/noticias\/wp-json\/wp\/v2\/media\/44866"}],"wp:attachment":[{"href":"http:\/\/vocesver.com\/noticias\/wp-json\/wp\/v2\/media?parent=44857"}],"wp:term":[{"taxonomy":"category","embeddable":true,"href":"http:\/\/vocesver.com\/noticias\/wp-json\/wp\/v2\/categories?post=44857"},{"taxonomy":"post_tag","embeddable":true,"href":"http:\/\/vocesver.com\/noticias\/wp-json\/wp\/v2\/tags?post=44857"}],"curies":[{"name":"wp","href":"https:\/\/api.w.org\/{rel}","templated":true}]}}