{"id":44840,"date":"2024-11-25T20:48:54","date_gmt":"2024-11-25T20:48:54","guid":{"rendered":"http:\/\/vocesver.com\/noticias\/?p=44840"},"modified":"2024-11-25T21:19:31","modified_gmt":"2024-11-25T21:19:31","slug":"se-que-va-a-hacer-un-buen-trabajo-presidenta-claudia-sheinbaum-a-rocio-nahle-previo-a-su-toma-de-protesta-como-gobernadora-de-veracruz","status":"publish","type":"post","link":"http:\/\/vocesver.com\/noticias\/se-que-va-a-hacer-un-buen-trabajo-presidenta-claudia-sheinbaum-a-rocio-nahle-previo-a-su-toma-de-protesta-como-gobernadora-de-veracruz\/","title":{"rendered":"*\u201cS\u00c9 QUE VA A HACER UN BUEN TRABAJO\u201d: PRESIDENTA CLAUDIA SHEINBAUM A ROC\u00cdO NAHLE PREVIO A SU TOMA DE PROTESTA COMO GOBERNADORA DE VERACRUZ*"},"content":{"rendered":"\n<p><br>*Anunci\u00f3 que acudir\u00e1 al evento el pr\u00f3ximo 1 de diciembre<br><br><br>AUSENCIO RIVERA\/VOCESVER.COM\/N0TICIAS<br>La Presidenta de M\u00e9xico, Claudia Sheinbaum Pardo reiter\u00f3 su confianza en la pr\u00f3xima gobernadora de Veracruz, Roc\u00edo Nahle Garc\u00eda y asegur\u00f3 que realizar\u00e1 un buen trabajo una vez que asuma el cargo a partir del pr\u00f3ximo 1 de diciembre.<br><br>*\u201cEs una mujer con muchas convicciones, de car\u00e1cter, que ama Veracruz, ama a su pueblo y s\u00e9 que va a hacer un buen trabajo y ah\u00ed la vamos a estar apoyando en todo lo que necesite. Pudo construir una Refiner\u00eda, imag\u00ednense\u201d*, se\u00f1al\u00f3 en su conferencia matutina \u201cLas ma\u00f1aneras del pueblo\u201d.<br><br>Confirm\u00f3 su presencia al evento de toma de protesta, que se llevar\u00e1 a cabo el pr\u00f3ximo domingo para iniciar su periodo de gobierno, que concluye en 2030.<br><br><br><br><br><br><br><br><br><br><br><br><br><br><br><br><br><br><br><br><br><br><br><br><br><br><br><\/p>\n","protected":false},"excerpt":{"rendered":"<p>*Anunci\u00f3 que acudir\u00e1 al evento el pr\u00f3ximo 1 de diciembre AUSENCIO RIVERA\/VOCESVER.COM\/N0TICIASLa Presidenta de M\u00e9xico, Claudia Sheinbaum Pardo reiter\u00f3 su<\/p>\n","protected":false},"author":2,"featured_media":44851,"comment_status":"open","ping_status":"open","sticky":false,"template":"","format":"standard","meta":{"colormag_page_container_layout":"default_layout","colormag_page_sidebar_layout":"default_layout","footnotes":""},"categories":[2],"tags":[],"class_list":["post-44840","post","type-post","status-publish","format-standard","has-post-thumbnail","hentry","category-infogral"],"_links":{"self":[{"href":"http:\/\/vocesver.com\/noticias\/wp-json\/wp\/v2\/posts\/44840","targetHints":{"allow":["GET"]}}],"collection":[{"href":"http:\/\/vocesver.com\/noticias\/wp-json\/wp\/v2\/posts"}],"about":[{"href":"http:\/\/vocesver.com\/noticias\/wp-json\/wp\/v2\/types\/post"}],"author":[{"embeddable":true,"href":"http:\/\/vocesver.com\/noticias\/wp-json\/wp\/v2\/users\/2"}],"replies":[{"embeddable":true,"href":"http:\/\/vocesver.com\/noticias\/wp-json\/wp\/v2\/comments?post=44840"}],"version-history":[{"count":2,"href":"http:\/\/vocesver.com\/noticias\/wp-json\/wp\/v2\/posts\/44840\/revisions"}],"predecessor-version":[{"id":44850,"href":"http:\/\/vocesver.com\/noticias\/wp-json\/wp\/v2\/posts\/44840\/revisions\/44850"}],"wp:featuredmedia":[{"embeddable":true,"href":"http:\/\/vocesver.com\/noticias\/wp-json\/wp\/v2\/media\/44851"}],"wp:attachment":[{"href":"http:\/\/vocesver.com\/noticias\/wp-json\/wp\/v2\/media?parent=44840"}],"wp:term":[{"taxonomy":"category","embeddable":true,"href":"http:\/\/vocesver.com\/noticias\/wp-json\/wp\/v2\/categories?post=44840"},{"taxonomy":"post_tag","embeddable":true,"href":"http:\/\/vocesver.com\/noticias\/wp-json\/wp\/v2\/tags?post=44840"}],"curies":[{"name":"wp","href":"https:\/\/api.w.org\/{rel}","templated":true}]}}