{"id":44807,"date":"2024-11-14T21:43:00","date_gmt":"2024-11-14T21:43:00","guid":{"rendered":"http:\/\/vocesver.com\/noticias\/?p=44807"},"modified":"2024-11-14T21:47:04","modified_gmt":"2024-11-14T21:47:04","slug":"congelamiento-de-creditos-del-infonavit-acerda-medida-de-la-doctora-claudia-sheinbaumtamariz-pimentel","status":"publish","type":"post","link":"http:\/\/vocesver.com\/noticias\/congelamiento-de-creditos-del-infonavit-acerda-medida-de-la-doctora-claudia-sheinbaumtamariz-pimentel\/","title":{"rendered":"CONGELAMIENTO DE CREDITOS DEL INFONAVIT ACERTADA MEDIDA DE LA DOCTORA CLAUDIA SHEINBAUM:TAMARIZ PIMENTEL"},"content":{"rendered":"AUSENCIO RIVERA\/VOCESVER.COM\/NOTICIAS<br \/><br \/>Veracruz,Ver.- a 14 de Noviembre 2024.-Es una medida  acertada del Gobierno Federal que encabeza la Dra.Claudia Sheinbaum Pardo la cancelaci\u00f3n de cr\u00e9ditos del Infonavir que ya se hab\u00edan  tornado impagables para los derechohabientes.<br \/>Lo anterior lo manifest\u00f3 el Licenciado Evirilio Tamar\u00edz Pimentel presidente de la agrupaci\u00f3n pol\u00edtica social Sentimientos de la Naci\u00f3n quien en conferencia de medios reconoci\u00f3 que esa era una demanda que el pueblo ten\u00eda desde hace mucho tiempo<br \/>Se\u00f1al\u00f3 que eso lo realizaban los grupos neoliberales enquistados en esa instituci\u00f3n que solo buscaban  gasnancias sin importar los severos da\u00f1os econ\u00f3micos ocasioonaban a la poblaci\u00f3n.<br \/>Afortunadamente llega a la Presidencia  de la Rep\u00fablica una gran mujer que est\u00e1 del lado del pueblo y toma ese tipo de decisiones que nosotros apludimos y damos un voto de confianza  a este tipo de gobiernos que est\u00e1n en favor de los m\u00e1s necesitados.<br \/>Sin duda esa es una medida excelente para la clase trabajadora asever\u00f3. <br \/>Por otro lado se pronunci\u00f3 porque tambi\u00e9n se apliquen ese tipo de beneficios a nivel estatal ya que  \u00e9ste gobierno sigue pensando como una inmobiliaria en el caso de la vivienda y de los terrenos de inter\u00e9s social.<br \/>En la entidad veracruzana tenemos a Invivienda que cobra intereses moratorios y eleva el costo de los lotes seg\u00fan los valores catastrales y en donde se aplica un incremento de hasta el 500 %, lo mismo hace Patrimonio del Estado.<br \/>Adem\u00e1s de la excesiva burocracia retrasan las escrituras y los pago en perjucio de las familias beneficiarias.<br \/><br \/><br \/><br \/><br \/><br \/><br \/><br \/><br \/><br \/><br \/><br \/><br \/><br \/><br \/><br \/><br \/><br \/><br \/><br \/>","protected":false},"excerpt":{"rendered":"<p>AUSENCIO RIVERA\/VOCESVER.COM\/NOTICIAS Veracruz,Ver.- a 14 de Noviembre 2024.-Es una medida acertada del Gobierno Federal que encabeza la Dra.Claudia Sheinbaum Pardo<\/p>\n","protected":false},"author":2,"featured_media":44811,"comment_status":"open","ping_status":"open","sticky":false,"template":"","format":"standard","meta":{"colormag_page_container_layout":"default_layout","colormag_page_sidebar_layout":"default_layout","footnotes":""},"categories":[2],"tags":[],"class_list":["post-44807","post","type-post","status-publish","format-standard","has-post-thumbnail","hentry","category-infogral"],"_links":{"self":[{"href":"http:\/\/vocesver.com\/noticias\/wp-json\/wp\/v2\/posts\/44807","targetHints":{"allow":["GET"]}}],"collection":[{"href":"http:\/\/vocesver.com\/noticias\/wp-json\/wp\/v2\/posts"}],"about":[{"href":"http:\/\/vocesver.com\/noticias\/wp-json\/wp\/v2\/types\/post"}],"author":[{"embeddable":true,"href":"http:\/\/vocesver.com\/noticias\/wp-json\/wp\/v2\/users\/2"}],"replies":[{"embeddable":true,"href":"http:\/\/vocesver.com\/noticias\/wp-json\/wp\/v2\/comments?post=44807"}],"version-history":[{"count":3,"href":"http:\/\/vocesver.com\/noticias\/wp-json\/wp\/v2\/posts\/44807\/revisions"}],"predecessor-version":[{"id":44812,"href":"http:\/\/vocesver.com\/noticias\/wp-json\/wp\/v2\/posts\/44807\/revisions\/44812"}],"wp:featuredmedia":[{"embeddable":true,"href":"http:\/\/vocesver.com\/noticias\/wp-json\/wp\/v2\/media\/44811"}],"wp:attachment":[{"href":"http:\/\/vocesver.com\/noticias\/wp-json\/wp\/v2\/media?parent=44807"}],"wp:term":[{"taxonomy":"category","embeddable":true,"href":"http:\/\/vocesver.com\/noticias\/wp-json\/wp\/v2\/categories?post=44807"},{"taxonomy":"post_tag","embeddable":true,"href":"http:\/\/vocesver.com\/noticias\/wp-json\/wp\/v2\/tags?post=44807"}],"curies":[{"name":"wp","href":"https:\/\/api.w.org\/{rel}","templated":true}]}}