{"id":44798,"date":"2024-11-13T22:14:30","date_gmt":"2024-11-13T22:14:30","guid":{"rendered":"http:\/\/vocesver.com\/noticias\/?p=44798"},"modified":"2024-11-13T22:23:39","modified_gmt":"2024-11-13T22:23:39","slug":"maestros-jubilados-acusan-de-traidor-y-mentiroso-al-gobernador-del-estado","status":"publish","type":"post","link":"http:\/\/vocesver.com\/noticias\/maestros-jubilados-acusan-de-traidor-y-mentiroso-al-gobernador-del-estado\/","title":{"rendered":"MAESTROS JUBILADOS ACUSAN  DE TRAIDOR Y MENTIROSO  AL GOBERNADOR  DEL ESTADO."},"content":{"rendered":"\n<p><br><br><br><br>\u00b4Por su culpa no han podido cobrar su seguro de vida institucional desde el 2021.<br>Exigen la contrataci\u00f3n inmediata de una compa\u00f1ia aseguradora.<br><br>AUSENCIO RIVERA\/VOCESVER.COM\/NOTICIAS<br><br>Veracruz,Ver ,. a 13 de NOVIEMBRE 2024.-Molestos porque el Gobernador del Estado Cuitl\u00e1huac Garc\u00eda Jim\u00e9nez les suspendi\u00f3 desde el 2021 la compa\u00f1ia aseguradora que les cubr\u00eda el seguro de vida institucional,estos lo acusaron de mentiroso y traicionero.<br>Los maestros jubilados encabezados por el profesor Rodolfo Su\u00e1rez y la Mtra Mar\u00eda Esther Caizeros vocera del movimiento de inconformidad se\u00f1alaron a la prensa \u00abnosotros exigimos al gobierno de la entidad la contrataci\u00f3n inmediata de una compa\u00f1\u00eda aseguradora que cubra su seguro de vida institucional que desde el  2021 el Gobernador Cuitl\u00e1jhuac se los suspendi\u00f3..<br>Los inconformes sin pelos en la lengua culpar\u00f3n al mandatario veracruzano de este grave problema  que afecta a 45 mil maestros jubilados del estado.<br><br>Manifestar\u00f3n: ya hemos girados oficios , entregados y recibidos a la SEV,Delegaci\u00f3n Estatal del ISSSTE,Sefiplan,Gobierno del Estado  y Direcci\u00f3n General del ISSSTE  a cargo del Mtro. Mart\u00ed BatRes  Guadarrama para que conozca este atropello  al magisterio de jubilados de Veracruz. El cual aun no responde oficialmente indicaron.<br><br><br><br><br><br><br><br><br><br><br><br><br><br><br><br><br><\/p>\n","protected":false},"excerpt":{"rendered":"<p>\u00b4Por su culpa no han podido cobrar su seguro de vida institucional desde el 2021.Exigen la contrataci\u00f3n inmediata de una<\/p>\n","protected":false},"author":2,"featured_media":44805,"comment_status":"open","ping_status":"open","sticky":false,"template":"","format":"standard","meta":{"colormag_page_container_layout":"default_layout","colormag_page_sidebar_layout":"default_layout","footnotes":""},"categories":[2],"tags":[],"class_list":["post-44798","post","type-post","status-publish","format-standard","has-post-thumbnail","hentry","category-infogral"],"_links":{"self":[{"href":"http:\/\/vocesver.com\/noticias\/wp-json\/wp\/v2\/posts\/44798","targetHints":{"allow":["GET"]}}],"collection":[{"href":"http:\/\/vocesver.com\/noticias\/wp-json\/wp\/v2\/posts"}],"about":[{"href":"http:\/\/vocesver.com\/noticias\/wp-json\/wp\/v2\/types\/post"}],"author":[{"embeddable":true,"href":"http:\/\/vocesver.com\/noticias\/wp-json\/wp\/v2\/users\/2"}],"replies":[{"embeddable":true,"href":"http:\/\/vocesver.com\/noticias\/wp-json\/wp\/v2\/comments?post=44798"}],"version-history":[{"count":2,"href":"http:\/\/vocesver.com\/noticias\/wp-json\/wp\/v2\/posts\/44798\/revisions"}],"predecessor-version":[{"id":44804,"href":"http:\/\/vocesver.com\/noticias\/wp-json\/wp\/v2\/posts\/44798\/revisions\/44804"}],"wp:featuredmedia":[{"embeddable":true,"href":"http:\/\/vocesver.com\/noticias\/wp-json\/wp\/v2\/media\/44805"}],"wp:attachment":[{"href":"http:\/\/vocesver.com\/noticias\/wp-json\/wp\/v2\/media?parent=44798"}],"wp:term":[{"taxonomy":"category","embeddable":true,"href":"http:\/\/vocesver.com\/noticias\/wp-json\/wp\/v2\/categories?post=44798"},{"taxonomy":"post_tag","embeddable":true,"href":"http:\/\/vocesver.com\/noticias\/wp-json\/wp\/v2\/tags?post=44798"}],"curies":[{"name":"wp","href":"https:\/\/api.w.org\/{rel}","templated":true}]}}