{"id":44788,"date":"2024-11-12T22:33:06","date_gmt":"2024-11-12T22:33:06","guid":{"rendered":"http:\/\/vocesver.com\/noticias\/?p=44788"},"modified":"2024-11-12T22:35:12","modified_gmt":"2024-11-12T22:35:12","slug":"habra-grandes-festejos-por-el-dia-del-musico-este-22-de-noviembrejaime-leon-perea","status":"publish","type":"post","link":"http:\/\/vocesver.com\/noticias\/habra-grandes-festejos-por-el-dia-del-musico-este-22-de-noviembrejaime-leon-perea\/","title":{"rendered":"HABR\u00c1 GRANDES FESTEJOS POR EL D\u00cdA DEL M\u00daSICO ESTE 22 DE NOVIEMBRE:JAIME LEON PEREA."},"content":{"rendered":"\n<p>En Zona  Conurbada habr\u00e1 encuentroS de salceros y entregar\u00e1n reconocimientos a orquestas con mayor trayectoria y a m\u00fasicos m\u00e1s destacados.<br><br>AUSENCIO RIVERA\/VOCESVER.COM\/NOTICIAS<br>Veracruz, Ver.. A 12 de Noviembre 2024.. Este 22 de noviembre que se celebra el D\u00eda de Santa Cecilia o D\u00eda del M\u00fasico habr\u00e1 grandes celebraciones confirm\u00f3 Jaime Le\u00f3n Perea secretario General del Sindicato de M\u00fasicos de la CROC en el Estado de Veracruz y quien a\u00f1adi\u00f3 que por lo menos ese d\u00eda 9 mil trabajadores de la m\u00fasica estar\u00e1n de manteles largos.<br>En conferencia de medios y acompa\u00f1ado de otros integrantes de este gremio el dirigente sindical croquistas explic\u00f3 ese d\u00eda celebramos a nuestra patrona Santa Cecilia  a quien agradecemos por todas las bondades que proporciona a este sector durante los 365 d\u00edas del a\u00f1o en beneficio  de este sector para que le vaya bien en su econom\u00eda y lafamilia.<br>Al se\u00f1alar que en la entidad existen por lo menos 15 delegaciones de mu\u00fasicos afiliados a la CROC, el entrevistado confirm\u00f3 que en toda ellas habr\u00e1 grandes festejo como:Carrillo Puerto, Angel R. Acabada entre otros lugares.<br>En la zona Conurbada Veracruz Boca del R\u00edo vamos a tener un encuentro de salceros y entregar\u00e9mos  reconocimientos a orquestas con la mejor trayectoria del 2024. El dirigente sindical tambi\u00e9n anunci\u00f3 que ese d\u00eda el sindicato entregar\u00e1 reconocimientos a los m\u00fasicos m\u00e1s destacados. Amenizaran el evento diversas orquestas como:Orquesta la F\u00f3rmula del Son, Sembrador del Son, Escelencia Latinos, SL. Orquesta entre otras. Este \u00faltimo evento se llevar\u00e1 a cabo en el Club Habana del Bulevar Nuevo (una cuadra delante de Reyes Heroles)<br><br><br><br><br><br><br><br><br><br><br><br><br><br><br><br><br><br><br><br><br><br><br><\/p>\n","protected":false},"excerpt":{"rendered":"<p>En Zona Conurbada habr\u00e1 encuentroS de salceros y entregar\u00e1n reconocimientos a orquestas con mayor trayectoria y a m\u00fasicos m\u00e1s destacados.<\/p>\n","protected":false},"author":2,"featured_media":44796,"comment_status":"open","ping_status":"open","sticky":false,"template":"","format":"standard","meta":{"colormag_page_container_layout":"default_layout","colormag_page_sidebar_layout":"default_layout","footnotes":""},"categories":[2],"tags":[],"class_list":["post-44788","post","type-post","status-publish","format-standard","has-post-thumbnail","hentry","category-infogral"],"_links":{"self":[{"href":"http:\/\/vocesver.com\/noticias\/wp-json\/wp\/v2\/posts\/44788","targetHints":{"allow":["GET"]}}],"collection":[{"href":"http:\/\/vocesver.com\/noticias\/wp-json\/wp\/v2\/posts"}],"about":[{"href":"http:\/\/vocesver.com\/noticias\/wp-json\/wp\/v2\/types\/post"}],"author":[{"embeddable":true,"href":"http:\/\/vocesver.com\/noticias\/wp-json\/wp\/v2\/users\/2"}],"replies":[{"embeddable":true,"href":"http:\/\/vocesver.com\/noticias\/wp-json\/wp\/v2\/comments?post=44788"}],"version-history":[{"count":2,"href":"http:\/\/vocesver.com\/noticias\/wp-json\/wp\/v2\/posts\/44788\/revisions"}],"predecessor-version":[{"id":44794,"href":"http:\/\/vocesver.com\/noticias\/wp-json\/wp\/v2\/posts\/44788\/revisions\/44794"}],"wp:featuredmedia":[{"embeddable":true,"href":"http:\/\/vocesver.com\/noticias\/wp-json\/wp\/v2\/media\/44796"}],"wp:attachment":[{"href":"http:\/\/vocesver.com\/noticias\/wp-json\/wp\/v2\/media?parent=44788"}],"wp:term":[{"taxonomy":"category","embeddable":true,"href":"http:\/\/vocesver.com\/noticias\/wp-json\/wp\/v2\/categories?post=44788"},{"taxonomy":"post_tag","embeddable":true,"href":"http:\/\/vocesver.com\/noticias\/wp-json\/wp\/v2\/tags?post=44788"}],"curies":[{"name":"wp","href":"https:\/\/api.w.org\/{rel}","templated":true}]}}