{"id":44786,"date":"2024-11-12T22:20:46","date_gmt":"2024-11-12T22:20:46","guid":{"rendered":"http:\/\/vocesver.com\/noticias\/?p=44786"},"modified":"2024-11-12T22:23:38","modified_gmt":"2024-11-12T22:23:38","slug":"se-queda-policia-naval-en-veracruz-boca-del-rio-asegura-rocio-nahle","status":"publish","type":"post","link":"http:\/\/vocesver.com\/noticias\/se-queda-policia-naval-en-veracruz-boca-del-rio-asegura-rocio-nahle\/","title":{"rendered":"SE QUEDA POLIC\u00cdA NAVAL EN VERACRUZ -BOCA DEL R\u00cdO ASEGURA ROC\u00cdO NAHLE"},"content":{"rendered":"\n<p><br><br><br>>Veracruz seguir\u00e1 contando con el apoyo de la Secretar\u00eda de Marina, garantiz\u00f3.<br>>No est\u00e1 definido el titular de SSP ni las subsecretar\u00edas.<br>>Desmiente rumores sobre supuestos nombramientos en SSP Veracruz.<br>>Se analiza crear la Subsecretar\u00eda de Log\u00edstica e Inteligencia.<br><br>AUSENCIO RIVERA\/VOCESVER.COM\/NOTICIAS<br><br>Boca del R\u00edo, Ver., martes 12 de noviembre de 2024.- \u201cVeracruz es casa de la Marina, se ha trabajado con ellos y lo vamos a seguir haciendo\u201d, asegur\u00f3 la gobernadora electa de Veracruz, Roc\u00edo Nahle Garc\u00eda en XEU noticias al ser cuestionada respecto a la permanencia de la SEMAR en la entidad y de la Polic\u00eda Naval en municipios como Veracruz- Boca del R\u00edo.<br><br>Expuso que hay muy buena relaci\u00f3n con el actual Secretario de Marina, almirante Raymundo Pedro Morales \u00c1ngeles quien estuvo encargado del Corredor Interoce\u00e1nico del Istmo de Tehuantepec.<br><br>\u201cVamos a trabajar con ellos, he tenido pl\u00e1ticas con el secretario Almirante, es amigo de Veracruz, estuvo recientemente viendo el tema del trans\u00edstmico, tenemos buena relaci\u00f3n, nos conocemos, hay toda la disposici\u00f3n y comunicaci\u00f3n con el\u201d, afirm\u00f3.<br><br>Agreg\u00f3 que tambi\u00e9n sostuvo un encuentro con personal del Secretario de SSPC, Omar Garc\u00eda Harfuch pero en unos d\u00edas volver\u00e1 a reunirse con \u00e9l para continuar afinando detalles de lo que Veracruz requiere en materia de seguridad.<br><br>De igual manera, aclar\u00f3 que a\u00fan no est\u00e1 nombrado el secretario de Seguridad P\u00fablica del estado y tampoco el subsecretario,\u00b4por ende cualquier publicaci\u00f3n al respecto es completamente falsa.<br><br>\u00abYa empec\u00e9 a ver notas y ruidos que carecen de sustento que de hecho no tienen fuente,es un tema muy serio,he visto en redes sociales de que mandan mensajes que tal persona va a ser Secretario de Seguridad,no,yo lo voy a dar a conocer\u00bb,sentenci\u00f3.<br><br><br><br><br><br><br><br><br><br><br><br><br><br><br><br><br><br><br><br><br><br><br><\/p>\n","protected":false},"excerpt":{"rendered":"<p>>Veracruz seguir\u00e1 contando con el apoyo de la Secretar\u00eda de Marina, garantiz\u00f3.>No est\u00e1 definido el titular de SSP ni las<\/p>\n","protected":false},"author":2,"featured_media":44791,"comment_status":"open","ping_status":"open","sticky":false,"template":"","format":"standard","meta":{"colormag_page_container_layout":"default_layout","colormag_page_sidebar_layout":"default_layout","footnotes":""},"categories":[2],"tags":[],"class_list":["post-44786","post","type-post","status-publish","format-standard","has-post-thumbnail","hentry","category-infogral"],"_links":{"self":[{"href":"http:\/\/vocesver.com\/noticias\/wp-json\/wp\/v2\/posts\/44786","targetHints":{"allow":["GET"]}}],"collection":[{"href":"http:\/\/vocesver.com\/noticias\/wp-json\/wp\/v2\/posts"}],"about":[{"href":"http:\/\/vocesver.com\/noticias\/wp-json\/wp\/v2\/types\/post"}],"author":[{"embeddable":true,"href":"http:\/\/vocesver.com\/noticias\/wp-json\/wp\/v2\/users\/2"}],"replies":[{"embeddable":true,"href":"http:\/\/vocesver.com\/noticias\/wp-json\/wp\/v2\/comments?post=44786"}],"version-history":[{"count":2,"href":"http:\/\/vocesver.com\/noticias\/wp-json\/wp\/v2\/posts\/44786\/revisions"}],"predecessor-version":[{"id":44789,"href":"http:\/\/vocesver.com\/noticias\/wp-json\/wp\/v2\/posts\/44786\/revisions\/44789"}],"wp:featuredmedia":[{"embeddable":true,"href":"http:\/\/vocesver.com\/noticias\/wp-json\/wp\/v2\/media\/44791"}],"wp:attachment":[{"href":"http:\/\/vocesver.com\/noticias\/wp-json\/wp\/v2\/media?parent=44786"}],"wp:term":[{"taxonomy":"category","embeddable":true,"href":"http:\/\/vocesver.com\/noticias\/wp-json\/wp\/v2\/categories?post=44786"},{"taxonomy":"post_tag","embeddable":true,"href":"http:\/\/vocesver.com\/noticias\/wp-json\/wp\/v2\/tags?post=44786"}],"curies":[{"name":"wp","href":"https:\/\/api.w.org\/{rel}","templated":true}]}}